{"id":481549,"date":"2025-10-08T03:18:10","date_gmt":"2025-10-08T03:18:10","guid":{"rendered":"https:\/\/www.europesays.com\/de\/481549\/"},"modified":"2025-10-08T03:18:10","modified_gmt":"2025-10-08T03:18:10","slug":"csu-horst-seehofer-kritisiert-markus-soeders-umgang-mit-den-gruenen","status":"publish","type":"post","link":"https:\/\/www.europesays.com\/de\/481549\/","title":{"rendered":"CSU: Horst Seehofer kritisiert Markus S\u00f6ders Umgang mit den Gr\u00fcnen"},"content":{"rendered":"<p class=\"paragraph article__item\">F\u00fcnf Monate vor den Kommunalwahlen in Bayern kritisieren die fr\u00fcheren CSU-Chefs Horst Seehofer und Erwin Huber ihren Nachfolger <a href=\"https:\/\/www.zeit.de\/2025\/41\/markus-soeder-julia-ruhs-ndr-oeffentlich-rechtlicher-rundfunk\" class=\"\" target=\"_blank\" rel=\"noopener\">Markus S\u00f6der<\/a> f\u00fcr seinen Umgang mit den Gr\u00fcnen. Die scharfe Abgrenzung der <a class=\"rtr-entity\" href=\"https:\/\/www.zeit.de\/thema\/csu\" target=\"_blank\" rel=\"noopener\">CSU<\/a> von den Gr\u00fcnen sei falsch, sagten Seehofer und Huber dem stern.\u00a0\n<\/p>\n<p class=\"paragraph article__item\">&#8222;Die T\u00fcr zu den Gr\u00fcnen darf nicht durch populistisches Bashing verschlossen bleiben, sondern muss f\u00fcr politische Optionen ge\u00f6ffnet werden, um in Bund und Land unsere Regierungsf\u00e4higkeit zu erhalten&#8220;, sagte Huber. Das sei n\u00f6tig, um die von der Union erkl\u00e4rte &#8222;Brandmauer zur AfD&#8220; zu erhalten. &#8222;Die gesamte gr\u00fcne Bewegung zu diskreditieren, ist falsch&#8220;, sagte <a class=\"rtr-entity\" href=\"https:\/\/www.zeit.de\/thema\/horst-seehofer\" target=\"_blank\" rel=\"noopener\">Seehofer<\/a>. &#8222;Das geh\u00f6rt zu den strategischen Fehlentscheidungen in den letzten sieben Jahren.&#8220;\n<\/p>\n<p>                        Im M\u00e4rz 2026 finden in Bayern Kommunalwahlen statt        <\/p>\n<p class=\"paragraph article__item\">S\u00f6der hatte Seehofer 2018 als Ministerpr\u00e4sidenten und 2019 als CSU-Vorsitzenden abgel\u00f6st. In den vergangenen Jahren <a href=\"https:\/\/www.zeit.de\/politik\/deutschland\/2024-10\/schwarz-gruen-csu-markus-soeder-cdu-koalition-union\" class=\"\" target=\"_blank\" rel=\"noopener\">griff S\u00f6der die Gr\u00fcnen wiederholt verbal an<\/a>. Seit die CSU nach der Bundestagswahl im Februar in die Regierung und die Gr\u00fcnen in die Opposition gewechselt waren, hatte <a href=\"https:\/\/www.zeit.de\/politik\/deutschland\/2025-10\/markus-soeder-csu-wehrpflicht-bundeswehr-kritik\" class=\"\" target=\"_blank\" rel=\"noopener\">S\u00f6der<\/a> seine Attacken zur\u00fcckgefahren.\n<\/p>\n<p class=\"paragraph article__item\">In <a class=\"rtr-entity\" href=\"https:\/\/www.zeit.de\/thema\/bayern\" target=\"_blank\" rel=\"noopener\">Bayern<\/a> werden am 8. M\u00e4rz kommenden Jahres Gemeinder\u00e4te und B\u00fcrgermeister neu gew\u00e4hlt.\u00a0\n<\/p>\n<p>            Markus S\u00f6der        <\/p>\n<p>Mehr zu<\/p>\n<p>                <a href=\"https:\/\/www.zeit.de\/2025\/41\/markus-soeder-julia-ruhs-ndr-oeffentlich-rechtlicher-rundfunk\" data-ct-label=\"Markus S\u00f6der: &quot;Der Gipfel der Intoleranz&quot;\" target=\"_blank\" rel=\"noopener\"><\/p>\n<p>        Z+ (abopflichtiger Inhalt);<\/p>\n<p>    Markus S\u00f6der:<br \/>\n                        &#8222;Der Gipfel der Intoleranz&#8220;<\/p>\n<p>                <\/a><\/p>\n<p>                <a href=\"https:\/\/www.zeit.de\/politik\/deutschland\/2025-09\/markus-soeder-csu-afd-franz-josef-strauss-5vor8\" data-ct-label=\"Markus S\u00f6der: S\u00f6ders Sorge vor der AfD\" target=\"_blank\" rel=\"noopener\"><\/p>\n<p>                        Markus S\u00f6der:<br \/>\n                        S\u00f6ders Sorge vor der AfD<\/p>\n<p>                <\/a><\/p>\n","protected":false},"excerpt":{"rendered":"F\u00fcnf Monate vor den Kommunalwahlen in Bayern kritisieren die fr\u00fcheren CSU-Chefs Horst Seehofer und Erwin Huber ihren Nachfolger&hellip;\n","protected":false},"author":2,"featured_media":481550,"comment_status":"","ping_status":"","sticky":false,"template":"","format":"standard","meta":{"footnotes":""},"categories":[2],"tags":[772,774,29,121682,121683,30,13,38114,771,14,15,16,12,10,8,9,11],"class_list":{"0":"post-481549","1":"post","2":"type-post","3":"status-publish","4":"format-standard","5":"has-post-thumbnail","7":"category-deutschland","8":"tag-bayern","9":"tag-csu","10":"tag-deutschland","11":"tag-erwin-huber","12":"tag-fehlentscheidung","13":"tag-germany","14":"tag-headlines","15":"tag-horst-seehofer","16":"tag-markus-soeder","17":"tag-nachrichten","18":"tag-news","19":"tag-politik","20":"tag-schlagzeilen","21":"tag-top-news","22":"tag-top-meldungen","23":"tag-topmeldungen","24":"tag-topnews"},"share_on_mastodon":{"url":"https:\/\/pubeurope.com\/@de\/115336387345924975","error":""},"_links":{"self":[{"href":"https:\/\/www.europesays.com\/de\/wp-json\/wp\/v2\/posts\/481549","targetHints":{"allow":["GET"]}}],"collection":[{"href":"https:\/\/www.europesays.com\/de\/wp-json\/wp\/v2\/posts"}],"about":[{"href":"https:\/\/www.europesays.com\/de\/wp-json\/wp\/v2\/types\/post"}],"author":[{"embeddable":true,"href":"https:\/\/www.europesays.com\/de\/wp-json\/wp\/v2\/users\/2"}],"replies":[{"embeddable":true,"href":"https:\/\/www.europesays.com\/de\/wp-json\/wp\/v2\/comments?post=481549"}],"version-history":[{"count":0,"href":"https:\/\/www.europesays.com\/de\/wp-json\/wp\/v2\/posts\/481549\/revisions"}],"wp:featuredmedia":[{"embeddable":true,"href":"https:\/\/www.europesays.com\/de\/wp-json\/wp\/v2\/media\/481550"}],"wp:attachment":[{"href":"https:\/\/www.europesays.com\/de\/wp-json\/wp\/v2\/media?parent=481549"}],"wp:term":[{"taxonomy":"category","embeddable":true,"href":"https:\/\/www.europesays.com\/de\/wp-json\/wp\/v2\/categories?post=481549"},{"taxonomy":"post_tag","embeddable":true,"href":"https:\/\/www.europesays.com\/de\/wp-json\/wp\/v2\/tags?post=481549"}],"curies":[{"name":"wp","href":"https:\/\/api.w.org\/{rel}","templated":true}]}}