{"id":481800,"date":"2025-10-08T05:37:15","date_gmt":"2025-10-08T05:37:15","guid":{"rendered":"https:\/\/www.europesays.com\/de\/481800\/"},"modified":"2025-10-08T05:37:15","modified_gmt":"2025-10-08T05:37:15","slug":"lange-nacht-des-impfens-in-koeln","status":"publish","type":"post","link":"https:\/\/www.europesays.com\/de\/481800\/","title":{"rendered":"Lange Nacht des Impfens in K\u00f6ln"},"content":{"rendered":"<p class=\"small date article__date\">Ver\u00f6ffentlicht:\u00a0Mittwoch, 08.10.2025 05:46<\/p>\n<p>Im Herbst beginnt die Grippe-Saison. Mittwochabend \u00f6ffnen deswegen auch Apotheken in K\u00f6ln zur &#8222;Langen Nacht des Impfens&#8220;.<\/p>\n<p><img decoding=\"async\" alt=\"\" src=\"https:\/\/www.europesays.com\/de\/wp-content\/uploads\/2025\/10\/vaccination-1215279_1920.jpg&#038;crop=0x40x1920x1200&#038;resize=1280x800&#038;dt=202101291808280.jpeg\" data-size=\"1280x800\"\/>\u00a9 cco<\/p>\n<p>Bis in den sp\u00e4ten Abend k\u00f6nnen sich alle in den teilnehmenden Apotheken gegen die Grippe und gegen Corona impfen lassen. Teilweise gehen die Angebote bis Mitternacht, sagt der Apothekerverband Nordrhein. Acht Apotheken in K\u00f6ln sind mit dabei. Welche genau findet ihr unter <a href=\"https:\/\/lange-nacht-des-impfens.de\" rel=\"noopener noreferrer nofollow\" target=\"_blank\">lange-nacht-des-impfens.de<\/a>.<\/p>\n<p>Die Grippe sei nicht nur eine einfache Erk\u00e4ltung, sondern eine ernstzunehmende Erkrankung vor allem f\u00fcr Risikogruppen, so das Gesundheitsamt. Die beste M\u00f6glichkeit, sich und andere davor zu sch\u00fctzen, sei die Impfung.\u00a0(DD|Symbolbild)<\/p>\n","protected":false},"excerpt":{"rendered":"Ver\u00f6ffentlicht:\u00a0Mittwoch, 08.10.2025 05:46 Im Herbst beginnt die Grippe-Saison. Mittwochabend \u00f6ffnen deswegen auch Apotheken in K\u00f6ln zur &#8222;Langen Nacht&hellip;\n","protected":false},"author":2,"featured_media":481801,"comment_status":"","ping_status":"","sticky":false,"template":"","format":"standard","meta":{"footnotes":""},"categories":[1828],"tags":[2499,29,30,13411,23663,1420,1209],"class_list":{"0":"post-481800","1":"post","2":"type-post","3":"status-publish","4":"format-standard","5":"has-post-thumbnail","7":"category-koeln","8":"tag-kln","9":"tag-deutschland","10":"tag-germany","11":"tag-grippe","12":"tag-impfen","13":"tag-koeln","14":"tag-nordrhein-westfalen"},"share_on_mastodon":{"url":"https:\/\/pubeurope.com\/@de\/115336933798428694","error":""},"_links":{"self":[{"href":"https:\/\/www.europesays.com\/de\/wp-json\/wp\/v2\/posts\/481800","targetHints":{"allow":["GET"]}}],"collection":[{"href":"https:\/\/www.europesays.com\/de\/wp-json\/wp\/v2\/posts"}],"about":[{"href":"https:\/\/www.europesays.com\/de\/wp-json\/wp\/v2\/types\/post"}],"author":[{"embeddable":true,"href":"https:\/\/www.europesays.com\/de\/wp-json\/wp\/v2\/users\/2"}],"replies":[{"embeddable":true,"href":"https:\/\/www.europesays.com\/de\/wp-json\/wp\/v2\/comments?post=481800"}],"version-history":[{"count":0,"href":"https:\/\/www.europesays.com\/de\/wp-json\/wp\/v2\/posts\/481800\/revisions"}],"wp:featuredmedia":[{"embeddable":true,"href":"https:\/\/www.europesays.com\/de\/wp-json\/wp\/v2\/media\/481801"}],"wp:attachment":[{"href":"https:\/\/www.europesays.com\/de\/wp-json\/wp\/v2\/media?parent=481800"}],"wp:term":[{"taxonomy":"category","embeddable":true,"href":"https:\/\/www.europesays.com\/de\/wp-json\/wp\/v2\/categories?post=481800"},{"taxonomy":"post_tag","embeddable":true,"href":"https:\/\/www.europesays.com\/de\/wp-json\/wp\/v2\/tags?post=481800"}],"curies":[{"name":"wp","href":"https:\/\/api.w.org\/{rel}","templated":true}]}}