{"id":481933,"date":"2025-10-08T06:53:24","date_gmt":"2025-10-08T06:53:24","guid":{"rendered":"https:\/\/www.europesays.com\/de\/481933\/"},"modified":"2025-10-08T06:53:24","modified_gmt":"2025-10-08T06:53:24","slug":"schulbau-buerokratie-blockiert-bildung-antenne-duesseldorf","status":"publish","type":"post","link":"https:\/\/www.europesays.com\/de\/481933\/","title":{"rendered":"Schulbau: B\u00fcrokratie blockiert Bildung &#8211; Antenne D\u00fcsseldorf"},"content":{"rendered":"<p class=\"small date article__date\">Ver\u00f6ffentlicht:\u00a0Mittwoch, 08.10.2025 05:14<\/p>\n<p>Die <a href=\"https:\/\/www.le-gymnasien-nrw.de\/\" rel=\"noopener noreferrer nofollow\" target=\"_blank\">Landeselternschaft<\/a> der Gymnasien in NRW mit Sitz in D\u00fcsseldorf \u00fcbt scharfe Kritik an der B\u00fcrokratie beim Schulbau in Nordrhein-Westfalen. Diese blockiere Bildung und verhindere oder verz\u00f6gere dringend notwendige L\u00f6sungen f\u00fcr Sch\u00fclerinnen und Sch\u00fcler, hei\u00dft es in einer Mitteilung der Landeselternschaft.<\/p>\n<p><img decoding=\"async\" alt=\"Das Geb\u00e4ude des Schlo\u00df-Gymnasiums Benrath an der Hospitalstra\u00dfe 45.\" src=\"https:\/\/www.europesays.com\/de\/wp-content\/uploads\/2025\/10\/schloss-gymnasium-benrath.jpg&#038;crop=0x155x7391x4619&#038;resize=1280x799&#038;dt=202505151700010.jpeg\" data-size=\"1280x799\"\/>\u00a9 Landeshauptstadt D\u00fcsseldorfBeispiel aus D\u00fcsseldorf: Belastungen nach Schulbrand<\/p>\n<p>Als ein konkretes Beispiel nennt die Landeselternschaft den Fall des <a href=\"https:\/\/www.antenneduesseldorf.de\/artikel\/schulumzug-von-erkrath-nach-duesseldorf-organisation-laeuft-2333870.html\" rel=\"noopener noreferrer nofollow\" target=\"_blank\">Gymnasiums Hochdahl<\/a>. Nach einem Brand musste die gesamte Schulgemeinschaft in das leerstehende Geb\u00e4ude des Schloss-Gymnasiums in Benrath umziehen. Der Alltag dort sei laut der Landeselternschaft f\u00fcr Sch\u00fcler, Eltern und Lehrkr\u00e4fte mit erheblichen Belastungen verbunden:<\/p>\n<ul>\n<li>Es fehlt an einer gesicherten Verpflegung.<\/li>\n<li>Ganztags- und F\u00f6rderunterricht k\u00f6nnen nicht stattfinden.<\/li>\n<li>Lange Fahrzeiten rauben wertvolle Lern- und Freizeit.<\/li>\n<\/ul>\n<p>Die Landeselternschaft h\u00e4tte sich stattdessen \u00fcber ein mobiles Schuldorf gefreut. Diese L\u00f6sung sei jedoch an baurechtlichen Vorschriften in NRW gescheitert.<\/p>\n<p>Forderungen an die Landesregierung<\/p>\n<p>Die Eltern fordern die Landesregierung und die Kommunen auf, b\u00fcrokratische Blockaden abzubauen und schnelle L\u00f6sungen zu erm\u00f6glichen. Nur so k\u00f6nnten die dringend ben\u00f6tigten Verbesserungen im Schulbau umgesetzt werden, um die Bildungssituation f\u00fcr Sch\u00fclerinnen und Sch\u00fcler nachhaltig zu verbessern.<\/p>\n<p>Weitere Infos und Links zum Thema:<\/p>\n<p class=\"ql-align-justify\"><a href=\"https:\/\/www.le-gymnasien-nrw.de\/schulbau-buerokratie-blockiert-bildung-in-nrw\/\" rel=\"noopener noreferrer nofollow\" target=\"_blank\">Das ausf\u00fchrliche Statement der Landeselternschaft<\/a><\/p>\n<p class=\"ql-align-justify\"><a href=\"https:\/\/www.antenneduesseldorf.de\/artikel\/erkrather-schueler-bleiben-bis-2026-in-duesseldorf-2435621.html\" rel=\"noopener noreferrer nofollow\" target=\"_blank\">Erkrather Sch\u00fcler bleiben bis 2026 in D\u00fcsseldorf<\/a><\/p>\n<p class=\"ql-align-justify\"><a href=\"https:\/\/www.antenneduesseldorf.de\/artikel\/schulbauoffensive-in-duesseldorf-10000-neue-plaetze-2409834.html\" rel=\"noopener noreferrer nofollow\" target=\"_blank\">Schulbauoffensive in D\u00fcsseldorf<\/a><\/p>\n<p>Folge uns f\u00fcr mehr News &amp; Updates:<\/p>\n<p><a href=\"https:\/\/www.antenneduesseldorf.de\/service\/radioplayer.html?radiochannel=live\" rel=\"noopener noreferrer nofollow\" target=\"_blank\">Livestream<\/a> | <a href=\"https:\/\/www.instagram.com\/antenne_duesseldorf\/?hl=de\" rel=\"noopener noreferrer nofollow\" target=\"_blank\">Instagram<\/a> | <a href=\"https:\/\/www.facebook.com\/antenneduesseldorf\/?locale=de_DE\" rel=\"noopener noreferrer nofollow\" target=\"_blank\">Facebook<\/a> | <a href=\"https:\/\/www.whatsapp.com\/channel\/0029VaVMRhHC6Zvi1qpXz42Y\" rel=\"noopener noreferrer nofollow\" target=\"_blank\">WhatsApp-Kanal<\/a><\/p>\n<p><script async src=\"\/\/www.instagram.com\/embed.js\"><\/script><\/p>\n","protected":false},"excerpt":{"rendered":"Ver\u00f6ffentlicht:\u00a0Mittwoch, 08.10.2025 05:14 Die Landeselternschaft der Gymnasien in NRW mit Sitz in D\u00fcsseldorf \u00fcbt scharfe Kritik an der&hellip;\n","protected":false},"author":2,"featured_media":136813,"comment_status":"","ping_status":"","sticky":false,"template":"","format":"standard","meta":{"footnotes":"","_share_on_mastodon":"0"},"categories":[1831],"tags":[68824,121750,121749,27585,3364,29,3405,30,1229,1209,36974],"class_list":["post-481933","post","type-post","status-publish","format-standard","has-post-thumbnail","category-duesseldorf","tag-brokratie","tag-landeselternschaft-nrw","tag-schloss-gymnasium","tag-benrather","tag-de","tag-deutschland","tag-duesseldorf","tag-germany","tag-kritik","tag-nordrhein-westfalen","tag-schulbau"],"share_on_mastodon":{"url":"https:\/\/pubeurope.com\/@de\/115337232835163270","error":""},"_links":{"self":[{"href":"https:\/\/www.europesays.com\/de\/wp-json\/wp\/v2\/posts\/481933","targetHints":{"allow":["GET"]}}],"collection":[{"href":"https:\/\/www.europesays.com\/de\/wp-json\/wp\/v2\/posts"}],"about":[{"href":"https:\/\/www.europesays.com\/de\/wp-json\/wp\/v2\/types\/post"}],"author":[{"embeddable":true,"href":"https:\/\/www.europesays.com\/de\/wp-json\/wp\/v2\/users\/2"}],"replies":[{"embeddable":true,"href":"https:\/\/www.europesays.com\/de\/wp-json\/wp\/v2\/comments?post=481933"}],"version-history":[{"count":0,"href":"https:\/\/www.europesays.com\/de\/wp-json\/wp\/v2\/posts\/481933\/revisions"}],"wp:featuredmedia":[{"embeddable":true,"href":"https:\/\/www.europesays.com\/de\/wp-json\/wp\/v2\/media\/136813"}],"wp:attachment":[{"href":"https:\/\/www.europesays.com\/de\/wp-json\/wp\/v2\/media?parent=481933"}],"wp:term":[{"taxonomy":"category","embeddable":true,"href":"https:\/\/www.europesays.com\/de\/wp-json\/wp\/v2\/categories?post=481933"},{"taxonomy":"post_tag","embeddable":true,"href":"https:\/\/www.europesays.com\/de\/wp-json\/wp\/v2\/tags?post=481933"}],"curies":[{"name":"wp","href":"https:\/\/api.w.org\/{rel}","templated":true}]}}