{"id":482151,"date":"2025-10-08T08:55:11","date_gmt":"2025-10-08T08:55:11","guid":{"rendered":"https:\/\/www.europesays.com\/de\/482151\/"},"modified":"2025-10-08T08:55:11","modified_gmt":"2025-10-08T08:55:11","slug":"unfall-in-mannheim-mini-kollidiert-mit-strassenbahn-regional","status":"publish","type":"post","link":"https:\/\/www.europesays.com\/de\/482151\/","title":{"rendered":"Unfall in Mannheim: Mini kollidiert mit Stra\u00dfenbahn | Regional"},"content":{"rendered":"<p>Mannheim \u2013 <b>Ein Unfall zwischen einem Mini und einer Stra\u00dfenbahn sorgte am Dienstagabend in der Mannheimer Innenstadt f\u00fcr Aufsehen.<\/b><\/p>\n<p>Gegen 20.15 Uhr wollte eine 24-j\u00e4hrige Autofahrerin die verl\u00e4ngerten Planken im Kreuzungsbereich der Quadrate D2\/E2 \u00fcberqueren. Dabei \u00fcbersah sie eine vorfahrtsberechtigte Stra\u00dfenbahn. Der 24-j\u00e4hrige Stra\u00dfenbahnfahrer konnte den Zusammensto\u00df nicht mehr verhindern.<\/p>\n<p>Es entstand ein Sachschaden von etwa 4.000 Euro. Gl\u00fccklicherweise wurde niemand verletzt. Die Polizei Mannheim-Innenstadt ermittelt.<\/p>\n<p>Dieser Text basiert auf einer offiziellen Beh\u00f6rden-Information und wurde mit Hilfe von KI erstellt.<\/p>\n","protected":false},"excerpt":{"rendered":"Mannheim \u2013 Ein Unfall zwischen einem Mini und einer Stra\u00dfenbahn sorgte am Dienstagabend in der Mannheimer Innenstadt f\u00fcr&hellip;\n","protected":false},"author":2,"featured_media":463772,"comment_status":"","ping_status":"","sticky":false,"template":"","format":"standard","meta":{"footnotes":""},"categories":[1845],"tags":[1634,3364,29,548,663,3934,30,13,2509,2096,14,15,121,12,45,2624],"class_list":{"0":"post-482151","1":"post","2":"type-post","3":"status-publish","4":"format-standard","5":"has-post-thumbnail","7":"category-mannheim","8":"tag-baden-wuerttemberg","9":"tag-de","10":"tag-deutschland","11":"tag-eu","12":"tag-europa","13":"tag-europe","14":"tag-germany","15":"tag-headlines","16":"tag-ki-ots","17":"tag-mannheim","18":"tag-nachrichten","19":"tag-news","20":"tag-polizei","21":"tag-schlagzeilen","22":"tag-texttospeech","23":"tag-unfaelle"},"share_on_mastodon":{"url":"https:\/\/pubeurope.com\/@de\/115337712403165495","error":""},"_links":{"self":[{"href":"https:\/\/www.europesays.com\/de\/wp-json\/wp\/v2\/posts\/482151","targetHints":{"allow":["GET"]}}],"collection":[{"href":"https:\/\/www.europesays.com\/de\/wp-json\/wp\/v2\/posts"}],"about":[{"href":"https:\/\/www.europesays.com\/de\/wp-json\/wp\/v2\/types\/post"}],"author":[{"embeddable":true,"href":"https:\/\/www.europesays.com\/de\/wp-json\/wp\/v2\/users\/2"}],"replies":[{"embeddable":true,"href":"https:\/\/www.europesays.com\/de\/wp-json\/wp\/v2\/comments?post=482151"}],"version-history":[{"count":0,"href":"https:\/\/www.europesays.com\/de\/wp-json\/wp\/v2\/posts\/482151\/revisions"}],"wp:featuredmedia":[{"embeddable":true,"href":"https:\/\/www.europesays.com\/de\/wp-json\/wp\/v2\/media\/463772"}],"wp:attachment":[{"href":"https:\/\/www.europesays.com\/de\/wp-json\/wp\/v2\/media?parent=482151"}],"wp:term":[{"taxonomy":"category","embeddable":true,"href":"https:\/\/www.europesays.com\/de\/wp-json\/wp\/v2\/categories?post=482151"},{"taxonomy":"post_tag","embeddable":true,"href":"https:\/\/www.europesays.com\/de\/wp-json\/wp\/v2\/tags?post=482151"}],"curies":[{"name":"wp","href":"https:\/\/api.w.org\/{rel}","templated":true}]}}