{"id":482221,"date":"2025-10-08T09:38:11","date_gmt":"2025-10-08T09:38:11","guid":{"rendered":"https:\/\/www.europesays.com\/de\/482221\/"},"modified":"2025-10-08T09:38:11","modified_gmt":"2025-10-08T09:38:11","slug":"platz-vier-aber-wie-stark-ist-der-vfb-stuttgart-wirklich-fussball","status":"publish","type":"post","link":"https:\/\/www.europesays.com\/de\/482221\/","title":{"rendered":"Platz vier, aber&#8230;: Wie stark ist der VfB Stuttgart wirklich? &#8211; Fu\u00dfball"},"content":{"rendered":"<p>Deniz Undav sprach es bei DAZN vor dem <a href=\"https:\/\/www.swr.de\/sport\/fussball\/vfb-stuttgart-heidenheim-spielbericht-100.html\" class=\"link link-inline inline-link\" title=\"Fu\u00dfball | Bundesliga - Hart erk\u00e4mpft: VfB Stuttgart setzt sich knapp gegen den 1. FC Heidenheim durch\" rel=\"nofollow noopener\" target=\"_blank\">Heimspiel des VfB Stuttgart gegen den 1. FC Heidenheim (1:0)<\/a> an, Angelo Stiller thematisierte es nach der umk\u00e4mpften Partie: Beim und rund um den DFB-Pokalsieger scheint es Differenzen in der Bewertung der Leistungen in der bisherigen Saison zu geben. Innerhalb der Mannschaft ist man offensichtlich recht zufrieden mit den ersten Partien. Im Umfeld, so konnte man den \u00c4u\u00dferungen der beiden Profis entnehmen, sei man dagegen ein bisschen \u00fcberkritisch. Das schw\u00e4bische Ph\u00e4nomen des Bruddelns, sprich dem teilweise verfr\u00fchten Schimpfen und N\u00f6rgeln, w\u00fcrde hier doch ein wenig zu sehr kultiviert, so der Tenor bei Undav und Stiller.<\/p>\n<p>Bis jetzt ist der VfB Stuttgart im Soll<\/p>\n<p>Blickt man auf die nackten Zahlen, dann ist der Saisonstart des VfB Stuttgart jedenfalls gegl\u00fcckt: Zw\u00f6lf Punkte aus sechs Ligaspielen, Platz vier in der Tabelle, alle drei Heimspiele gewonnen &#8211; und das zu Null. Die zweite Runde des DFB-Pokals erreicht &#8211; wenn auch mit Ach und Krach (<a href=\"https:\/\/www.swr.de\/sport\/fussball\/vfb-stuttgart-braunschweig-dfb-pokal-reaktionen-100.html\" class=\"link link-inline inline-link\" title=\"Fu\u00dfball | DFB-Pokal - &quot;Es ging darum, zu \u00fcberleben&quot;: Freude beim VfB Stuttgart - aber auch viele Defizite\" rel=\"nofollow noopener\" target=\"_blank\">13:12 nach Elfmeterschie\u00dfen bei Eintracht Braunschweig<\/a>). Und in der Europa League jeweils ein \u00fcberzeugender Auftritt (<a href=\"https:\/\/www.swr.de\/sport\/fussball\/vfb-stuttgart-nach-celta-vigo-heimsieg-europa-league-100.html\" class=\"link link-inline inline-link\" title=\"Fu\u00dfball | Europa League - Neuzug\u00e4nge und N\u00fcbel gl\u00e4nzen: Gelungener Europa-League-Start f\u00fcr den VfB\" rel=\"nofollow noopener\" target=\"_blank\">2:1 gegen Celta Vigo<\/a>) und ein misslungener (<a href=\"https:\/\/www.swr.de\/sport\/fussball\/vfb-stuttgart-fc-basel-europa-league-spielbericht-100.html\" class=\"link link-inline inline-link\" title=\"Fu\u00dfball | Europa League - Start verschlafen, Tor vernagelt: VfB Stuttgart unterliegt in Basel\" rel=\"nofollow noopener\" target=\"_blank\">0:2 beim FC Basel<\/a>).<\/p>\n<p>Trotzdem scheint die Stimmung rund um den Pokalsieger eher durchwachsen zu sein &#8211; und zu Wochenbeginn kam ein weiterer D\u00e4mpfer hinzu: Beim gesetzten Mittelst\u00fcrmer Ermedin Demirovic wurde eine beginnende Fraktur der Fu\u00dfwurzel diagnostiziert. Eine konkrete Ausfallzeit gab der Verein nicht bekannt, zwischen sechs und zw\u00f6lf Wochen scheint alles m\u00f6glich zu sein. Da die Schwaben im Angriff nach <a href=\"https:\/\/www.swr.de\/sport\/fussball\/vfb-stuttgart-woltemade-wechsel-newcastle-united-fc-102.html\" class=\"link link-inline inline-link\" title=\"Fu\u00dfball | Bundesliga - Rekordwechsel beim VfB: Nick Woltemade geht zu Newcastle United\" rel=\"nofollow noopener\" target=\"_blank\">dem Abgang von Nick Woltemade (Newcastle United)<\/a> kurz vor Ende der Transferperiode und der Verletzung von Deniz Undav sehr d\u00fcnn besetzt sind, gibt Demirovics Ausfall Anlass zur Sorge. <a href=\"https:\/\/www.swr.de\/sport\/fussball\/vfb-stuttgart-demirovic-ausfall-situation-sturm-100.html\" class=\"link link-inline inline-link\" title=\"Fu\u00dfball | Bundesliga - Nach dem Demirovic-Ausfall: Das sind die Optionen des VfB Stuttgart im Sturm\" rel=\"nofollow noopener\" target=\"_blank\">Immerhin kehrt Undav bald zur\u00fcck &#8211; und zur Not k\u00f6nnen auch andere Spieler in der Spitze agieren<\/a>. Ein &#8222;klassischer Neuner&#8220; fehlt jetzt aber &#8211; das k\u00f6nnte sich auch auf die Statik des Aufbauspiels auswirken.<\/p>\n<p>Stuttgart<\/p>\n<p><a href=\"https:\/\/www.swr.de\/sport\/fussball\/vfb-stuttgart-demirovic-ausfall-situation-sturm-100.html\" title=\"Fu\u00dfball | Bundesliga - Nach dem Demirovic-Ausfall: Das sind die Optionen des VfB Stuttgart im Sturm\" class=\"teasertracking clickzone link\" role=\"presentation\" tabindex=\"-1\" rel=\"nofollow noopener\" target=\"_blank\"><\/p>\n<p><img src=\"https:\/\/www.europesays.com\/de\/wp-content\/uploads\/2025\/10\/1759816680675,deniz-undav-196~_v-1x1@2dXS_-9a91314e681c924f29ec89ca45e4e12f5b1d728e.jpg\"   class=\"\" data-copyright=\"Foto: IMAGO, Jan H\u00fcbner\" alt=\"VfB-Angreifer Deniz Undav\" title=\"VfB-Angreifer Deniz Undav (Foto: IMAGO, Jan H\u00fcbner)\" width=\"320\" height=\"320\" loading=\"lazy\" decoding=\"async\"\/><\/p>\n<p><\/a><\/p>\n<p><a href=\"https:\/\/www.swr.de\/sport\/fussball\/vfb-stuttgart-demirovic-ausfall-situation-sturm-100.html\" title=\"Fu\u00dfball | Bundesliga - Nach dem Demirovic-Ausfall: Das sind die Optionen des VfB Stuttgart im Sturm\" class=\"teasertracking clickzone link\" rel=\"nofollow noopener\" target=\"_blank\"><br \/>\nFu\u00dfball | Bundesliga<br \/>\nNach dem Demirovic-Ausfall: Das sind die Optionen des VfB Stuttgart im Sturm<br \/>\n<\/a><\/p>\n<p><a href=\"https:\/\/www.swr.de\/sport\/fussball\/vfb-stuttgart-demirovic-ausfall-situation-sturm-100.html\" title=\"Fu\u00dfball | Bundesliga - Nach dem Demirovic-Ausfall: Das sind die Optionen des VfB Stuttgart im Sturm\" class=\"teasertracking clickzone link\" rel=\"nofollow noopener\" target=\"_blank\"><\/p>\n<p>Der VfB Stuttgart muss &#8222;bis auf Weiteres&#8220; auf St\u00fcrmer Ermedin Demirovic verzichten. Das trifft die Schwaben hart &#8211; nach der L\u00e4nderspielpause wartet ein Hammer-Programm. Was sind die Optionen des DFB-Pokalsiegers im Angriff?\n<\/p>\n<p><\/a><\/p>\n<p class=\"broadcastinfo\">\n<p>Mo.6.10.2025<br \/>\n18:40 Uhr<\/p>\n<p>Sport kompakt<\/p>\n<p>SWR1 Baden-W\u00fcrttemberg<\/p>\n<p>Nach der L\u00e4nderspielpause soll der j\u00fcngste Trend fortgesetzt werden. Mit drei Siegen in Serie hat sich der VfB in der Bundesliga auf den vierten Tabellenplatz vorgeschoben. Die Tendenz sei eine &#8222;sehr, sehr gute&#8220;, sagt Sportdirektor Christian Gentner. Vor knapp dreieinhalb Wochen sah das noch ganz anders aus. <a href=\"https:\/\/www.swr.de\/sport\/fussball\/vfb-stuttgart-pleite-beim-sc-freiburg-reaktionen-100.html\" class=\"link link-inline inline-link\" title=\"Fu\u00dfball | Bundesliga - &quot;Das Ergebnis tut extrem weh&quot;: VfB Stuttgart hadert mit D\u00e9j\u00e0-vu beim SC Freiburg\" rel=\"nofollow noopener\" target=\"_blank\">Nach der 1:3-Niederlage beim SC Freiburg und einer erschreckenden Offensivleistung am dritten Spieltag<\/a> herrschte in Stuttgart schon fast Weltuntergangsstimmung. Die Kritik sei damals weitgehend berechtigt gewesen, so Gentner. Mitunter sei die Situation aber auch zu negativ gesehen worden. Die Mannschaft brauche Zeit, um sich nach einer turbulenten Wechselperiode zu finden.<\/p>\n<p>Stuttgart<\/p>\n<p><a href=\"https:\/\/www.swr.de\/sport\/fussball\/vfb-stuttgart-die-baustellen-100.html\" title=\"Fu\u00dfball | Bundesliga - Verlorene DNA? Die Baustellen des VfB Stuttgart\" class=\"teasertracking clickzone link\" role=\"presentation\" tabindex=\"-1\" rel=\"nofollow noopener\" target=\"_blank\"><\/p>\n<p><img src=\"https:\/\/www.europesays.com\/de\/wp-content\/uploads\/2025\/10\/1758201083483,vfb-stuttgart-frust-niederlage-100~_v-1x1@2dXS_-9a91314e681c924f29ec89ca45e4e12f5b1d72.jpeg\"   class=\"\" data-copyright=\"Foto: IMAGO, IMAGO \/ Sportfoto Rudel\" alt=\"Jamie Leweling und die restliche VfB-Mannschaft war nach dem 1:3 in Freiburg bedient\" title=\"Jamie Leweling und die restliche VfB-Mannschaft war nach dem 1:3 in Freiburg bedient (Foto: IMAGO, IMAGO \/ Sportfoto Rudel)\" width=\"320\" height=\"320\" loading=\"lazy\" decoding=\"async\"\/><\/p>\n<p><\/a><\/p>\n<p><a href=\"https:\/\/www.swr.de\/sport\/fussball\/vfb-stuttgart-die-baustellen-100.html\" title=\"Fu\u00dfball | Bundesliga - Verlorene DNA? Die Baustellen des VfB Stuttgart\" class=\"teasertracking clickzone link\" rel=\"nofollow noopener\" target=\"_blank\"><br \/>\nFu\u00dfball | Bundesliga<br \/>\nVerlorene DNA? Die Baustellen des VfB Stuttgart<br \/>\n<\/a><\/p>\n<p><a href=\"https:\/\/www.swr.de\/sport\/fussball\/vfb-stuttgart-die-baustellen-100.html\" title=\"Fu\u00dfball | Bundesliga - Verlorene DNA? Die Baustellen des VfB Stuttgart\" class=\"teasertracking clickzone link\" rel=\"nofollow noopener\" target=\"_blank\"><\/p>\n<p>Der Saisonstart des VfB Stuttgart ist m\u00e4\u00dfig. Drei Punkte nach drei Spielen, jetzt kommt der formstarke FC St. Pauli. Grund zur Sorge oder nur eine Momentaufnahme? Eine \u00dcbersicht der VfB-Baustellen.\n<\/p>\n<p><\/a><\/p>\n<p class=\"broadcastinfo\">\n<p>Sa.20.9.2025<br \/>\n14:00 Uhr<\/p>\n<p>Stadion<\/p>\n<p>SWR1<\/p>\n<p>Makellose Heimbilanz<\/p>\n<p>Und da ist der DFB-Pokalsieger auf einem guten Weg &#8211; das haben die letzten Spiele bewiesen. Zw\u00f6lf Punkte nach sechs Spieltagen &#8211; in den vergangenen f\u00fcnf Jahren waren es zu diesem Zeitpunkt nur einmal mehr: in der Vizemeister-Saison 2023\/24 (15). Vor allem die Heimbilanz der Stuttgarter in der Liga kann sich sehen lassen: Drei Spiele, drei Siege, kein Gegentor.<\/p>\n<p>Ergebnistechnisch eine Steigerung<\/p>\n<p>Zur Wahrheit geh\u00f6rt aber auch, dass das Auftaktprogramm der Mannschaft von Trainer Sebastian Hoene\u00df in die Karten gespielt hat. Bei allem Respekt: Es gibt schwerere Gegner als Gladbach, St. Pauli und Heidenheim (alle zuhause) sowie Union Berlin, Freiburg und K\u00f6ln (alle ausw\u00e4rts). Aber: In der abgelaufenen Saison holte der VfB gegen Union (A), Gladbach (H), Freiburg (A), St. Pauli (H) und Heidenheim (H) einen Punkt, in der aktuellen Spielzeit neun Z\u00e4hler (K\u00f6ln spielte 2024\/2025 in der 2. Liga).<\/p>\n<p>Ebenfalls positiv: Die Abwehr steht so gut wie seit 14 Jahren nicht &#8211; und das trotz heftiger Rotation von Coach Hoene\u00df. Sechs Gegentreffer in sechs Bundesligaspielen sind mehr als ordentlich. Weniger gab es zuletzt 2011\/12, damals kassierte die von Bruno Labbadia trainierte Mannschaft vier Tore in sechs Partien.<\/p>\n<p>Die wahren Pr\u00fcfsteine kommen noch<\/p>\n<p>Dennoch: Der VfB hat noch gegen kein absolutes Top-Team gespielt. Die warten im November und Dezember. Am neunten und elften Spieltag stehen schwierige Ausw\u00e4rtspartien bei RB Leipzig und Borussia Dortmund an. Am 13. Spieltag ist Meister FC Bayern M\u00fcnchen zu Gast. In der Europa League geht es nun gegen Fenerbahce Istanbul und Fejenoord Rotterdam, sp\u00e4ter gegen die AS Rom. Die wahren Pr\u00fcfsteine kommen also noch.<\/p>\n<p>Mut macht indes die Integration der Neuzug\u00e4nge. <a href=\"https:\/\/www.swr.de\/sport\/fussball\/bilal-el-khannouss-vfb-matchwinner-gegen-heidenheim-100.html\" class=\"link link-inline inline-link\" title=\"Fu\u00dfball | Bundesliga - &quot;Sehr gesegnet&quot;: VfB Stuttgart schw\u00e4rmt von Bilal El Khannouss\" rel=\"nofollow noopener\" target=\"_blank\">Bilal El Khannouss ist eine sofortige Hilfe<\/a>. Der neue VfB-Spielmacher brauchte so gut wie keine Eingew\u00f6hnungszeit in Stuttgart. &#8222;Technisch sehr, sehr gesegnet&#8220;, sei er, lobt Sportdirektor Gentner. Der Marokkaner entschied die Partie gegen Heidenheim mit einem pr\u00e4zisen Flachschuss. &#8222;Instinkt&#8220; sei das gewesen, sagte der Profi nach seinem bereits dritten Pflichtspieltreffer f\u00fcr die Schwaben.<\/p>\n<blockquote class=\"quote-blockquote\">\n<p>Nach Sieg gegen Heidenheim: VfB Stuttgart jetzt Vierter \u2013 Dein VfB #171 | SWR Sport<\/p>\n<\/blockquote>\n<p>Auch die Fl\u00fcgelspieler Badredine Bouanani und Lazar Jovanovic haben sich gut eingef\u00fcgt, ebenso Tiago Tomas und Lorenz Assignon. Im Mittelfeld hat Neuzugang Chema Andres sogar Atakan Karazor den Rang abgelaufen. Der Kapit\u00e4n ist nicht mehr unantastbar. Im Liga-Spiel gegen den FC St. Pauli (2:0) und in den bisherigen zwei Europa-League-Partien musste Karazor auf der Bank Platz nehmen. Gegen K\u00f6ln und gegen Heidenheim stand der 28-J\u00e4hrige dann in der Startelf, er ist aber weit von seiner Topform entfernt. Fest steht: Chema Andres performt bislang, der 20-J\u00e4hrige ist ein Top-Talent und ein ernstzunehmender Konkurrent im Mittelfeld.<\/p>\n<p>Der VfB Stuttgart wirkt gereifter<\/p>\n<p>Es gibt also viel Positives, aber auch noch einige Baustellen beim VfB Stuttgart. Wie gut ist die Mannschaft denn nun wirklich? Fu\u00dfballerisch ist noch viel Luft nach oben, im Vergleich zur abgelaufenen Saison stimmen Effizienz und Defensivverhalten. Das Team wirkt diesbez\u00fcglich gereift, spielt seri\u00f6ser. Nicht unwichtig angesichts der Dreifachbelastung.<\/p>\n<p>In der ohnehin ausbauf\u00e4higen Offensive schmerzt der Ausfall von &#8222;Immerspieler&#8220; Demirovic ungemein. Hier werden die Schwaben in den kommenden Wochen improvisieren m\u00fcssen &#8211; man darf gespannt sein. Ein Problem: Mit sieben Spielen in 22 Tagen kann im Training nur wenig Entwicklungsarbeit betrieben werden.<\/p>\n<p>Platz vier nach sechs Spielen ist zu gro\u00dfen Teilen dem Auftaktprogramm geschuldet &#8211; aber die n\u00f6tigen Punkte muss man erst einmal holen. Ob der VfB Stuttgart aber tats\u00e4chlich in diesem Jahr zu den Top-Teams der Liga geh\u00f6rt, wird sich erst im &#8222;hei\u00dfen Herbst&#8220; entscheiden.<\/p>\n","protected":false},"excerpt":{"rendered":"Deniz Undav sprach es bei DAZN vor dem Heimspiel des VfB Stuttgart gegen den 1. FC Heidenheim (1:0)&hellip;\n","protected":false},"author":2,"featured_media":482222,"comment_status":"","ping_status":"","sticky":false,"template":"","format":"standard","meta":{"footnotes":""},"categories":[1830],"tags":[1634,3364,29,30,1441],"class_list":{"0":"post-482221","1":"post","2":"type-post","3":"status-publish","4":"format-standard","5":"has-post-thumbnail","7":"category-stuttgart","8":"tag-baden-wuerttemberg","9":"tag-de","10":"tag-deutschland","11":"tag-germany","12":"tag-stuttgart"},"share_on_mastodon":{"url":"https:\/\/pubeurope.com\/@de\/115337881675462602","error":""},"_links":{"self":[{"href":"https:\/\/www.europesays.com\/de\/wp-json\/wp\/v2\/posts\/482221","targetHints":{"allow":["GET"]}}],"collection":[{"href":"https:\/\/www.europesays.com\/de\/wp-json\/wp\/v2\/posts"}],"about":[{"href":"https:\/\/www.europesays.com\/de\/wp-json\/wp\/v2\/types\/post"}],"author":[{"embeddable":true,"href":"https:\/\/www.europesays.com\/de\/wp-json\/wp\/v2\/users\/2"}],"replies":[{"embeddable":true,"href":"https:\/\/www.europesays.com\/de\/wp-json\/wp\/v2\/comments?post=482221"}],"version-history":[{"count":0,"href":"https:\/\/www.europesays.com\/de\/wp-json\/wp\/v2\/posts\/482221\/revisions"}],"wp:featuredmedia":[{"embeddable":true,"href":"https:\/\/www.europesays.com\/de\/wp-json\/wp\/v2\/media\/482222"}],"wp:attachment":[{"href":"https:\/\/www.europesays.com\/de\/wp-json\/wp\/v2\/media?parent=482221"}],"wp:term":[{"taxonomy":"category","embeddable":true,"href":"https:\/\/www.europesays.com\/de\/wp-json\/wp\/v2\/categories?post=482221"},{"taxonomy":"post_tag","embeddable":true,"href":"https:\/\/www.europesays.com\/de\/wp-json\/wp\/v2\/tags?post=482221"}],"curies":[{"name":"wp","href":"https:\/\/api.w.org\/{rel}","templated":true}]}}