{"id":482321,"date":"2025-10-08T10:31:17","date_gmt":"2025-10-08T10:31:17","guid":{"rendered":"https:\/\/www.europesays.com\/de\/482321\/"},"modified":"2025-10-08T10:31:17","modified_gmt":"2025-10-08T10:31:17","slug":"gelingt-lecornu-die-rettung-in-letzter-sekunde","status":"publish","type":"post","link":"https:\/\/www.europesays.com\/de\/482321\/","title":{"rendered":"Gelingt Lecornu die Rettung in letzter Sekunde?"},"content":{"rendered":"<p>Krise in Frankreich <\/p>\n<p>Pl\u00f6tzlich scheint es einen Ausweg zu geben<\/p>\n<p>08.10.2025 &#8211; 12:21 UhrLesedauer: 4 Min.<\/p>\n<p><a href=\"#focus-0\" class=\"transition-colors duration-200 block text-current relative\" data-sctrack=\"FocusGalleryImage.Reference\"><img fetchpriority=\"high\" data-testid=\"Opener.Image\" style=\"--lqipURL:url('https:\/\/images.t-online.de\/2025\/10\/R1doWbuF0su6\/0x0:2048x1152\/fit-in\/150x0\/filters:blur(25)\/emmanuel-macron-wir-die-staatskrise-in-frankreich-noch-abgewendet.jpg')\"   loading=\"eager\" src=\"https:\/\/www.europesays.com\/de\/wp-content\/uploads\/2025\/10\/emmanuel-macron-wir-die-staatskrise-in-frankreich-noch-abgewendet.jpg\" alt=\"urn:newsml:dpa.com:20090101:251008-935-878962\" title=\"urn:newsml:dpa.com:20090101:251008-935-878962\" width=\"2048\" height=\"1152\" class=\"bg-[url:var(--lqipURL)] bg-cover bg-center flex h-full w-full max-w-full\" decoding=\"async\"\/><img style=\"--width:32;--height:32\" loading=\"lazy\" src=\"https:\/\/www.t-online.de\/s\/paper\/_next\/static\/media\/zoom-in.f7dae02f.svg\" alt=\"Vergr\u00f6\u00dfern des Bildes\" title=\"Vergr\u00f6\u00dfern des Bildes\" class=\"block h-[calc(var(--height)_\/_16_*_1rem)] w-[calc(var(--width)_\/_16_*_1rem)] max-w-none absolute bottom-8 right-8 rounded-4 bg-snow p-8\" decoding=\"async\"\/><\/a><\/p>\n<p>Emmanuel Macron: Wir die Staatskrise in Frankreich noch abgewendet? (Quelle: Philippe Magoni\/dpa)<\/p>\n<p class=\"font-bold text-18 leading-17\">Kann S\u00e9bastien Lecornu doch noch einen Ausweg aus der Regierungskrise in Frankreich finden? Am heutigen Mittwoch gab sich der zur\u00fcckgetretene Premier zun\u00e4chst optimistisch.<\/p>\n<p class=\"text-18 leading-17\">Eigentlich hatte S\u00e9bastien Lecornu noch bis heute Abend Zeit. Der Pr\u00e4sident <a class=\"transition-colors duration-200 cursor-pointer text-inherit no-underline text-salemsfur md:hover:text-magenta md:hover:border-magenta md:focus:text-magenta border-current border-b border-solid break-words\" href=\"https:\/\/www.t-online.de\/themen\/emmanuel-macron\/\" data-sctrack=\"BodyAnchor\" target=\"_blank\" rel=\"noopener\">Emmanuel Macron<\/a> hatte dem bereits zur\u00fcckgetretenen Premier am Montag den Auftrag gegeben, bis Mittwochabend einen Ausweg aus der politischen Krise zu finden. Lecornu trat dann aber schon am Morgen in <a class=\"transition-colors duration-200 cursor-pointer text-inherit no-underline text-salemsfur md:hover:text-magenta md:hover:border-magenta md:focus:text-magenta border-current border-b border-solid break-words\" href=\"https:\/\/www.t-online.de\/themen\/paris\/\" data-sctrack=\"BodyAnchor\" target=\"_blank\" rel=\"noopener\">Paris<\/a> vor die Kameras.<\/p>\n<p class=\"text-18 leading-17\">Der Wunsch, dass <a class=\"transition-colors duration-200 cursor-pointer text-inherit no-underline text-salemsfur md:hover:text-magenta md:hover:border-magenta md:focus:text-magenta border-current border-b border-solid break-words\" href=\"https:\/\/www.t-online.de\/themen\/frankreich\/\" data-sctrack=\"BodyAnchor\" target=\"_blank\" rel=\"noopener\">Frankreich<\/a> am Ende des Jahres einen Haushalt habe, sei so gro\u00df, &#8222;dass sich die M\u00f6glichkeit von Neuwahlen entfernt&#8220;, sagte Lecornu am Mittwochmorgen. Gemeint war damit: Der 39-J\u00e4hrige ist optimistisch, dass er im Laufe des Tages noch eine L\u00f6sung pr\u00e4sentieren kann und damit weiteres Chaos in Frankreich verhindern k\u00f6nnte.<\/p>\n<p class=\"text-18 leading-17\">Doch wie genau k\u00f6nnte eine solche L\u00f6sung jetzt aussehen und welche Optionen h\u00e4tten Lecornu und Macron? Ein \u00dcberblick \u00fcber m\u00f6gliche Szenarien:<\/p>\n<p>1. Lecornu einigt sich mit anderen Parteien<\/p>\n<p class=\"text-18 leading-17\">Im Zentrum von Lecornus Gespr\u00e4chen steht die Aufstellung eines Haushalts f\u00fcr das kommende Jahr: Die franz\u00f6sische Nationalversammlung muss bis Ende dieses Jahres einen Plan f\u00fcr 2026 beschlie\u00dfen. Bislang waren alle Versuche, einen mehrheitsf\u00e4higen Kompromiss zu finden, gescheitert.<\/p>\n<p class=\"text-18 leading-17\">Lecornu machte am Morgen deutlich, dass wohl eine L\u00f6sung mit dem linken Lager im Parlament die wahrscheinlichste Option sei: Er wolle als N\u00e4chstes mit der &#8222;republikanischen Linken&#8220; dar\u00fcber sprechen, &#8222;welche Zugest\u00e4ndnisse sie verlangt, um Stabilit\u00e4t zu garantieren&#8220;.<\/p>\n<p class=\"text-18 leading-17\">Sollte es so kommen, w\u00e4re es eine Abkehr von der bisherigen Linie der Regierungschefs unter Macron: Bislang hatten die Regierungen unter Macron gr\u00f6\u00dftenteils die Zusammenarbeit mit den konservativen Republikanern im Parlament gesucht, deren Politiker auch zum Teil in der Regierung vertreten waren.<\/p>\n<p class=\"text-18 leading-17\">Die Fraktionen links der Mitte blieben in der Regierungsbildung bislang eher au\u00dfen vor, was durchaus ungew\u00f6hnlich ist: Bei der vergangenen Parlamentswahl hatte das W\u00e4hlerb\u00fcndnis NFP, das aus Sozialisten, Gr\u00fcnen, Linkspopulisten und Kommunisten besteht, knapp die meisten Stimmen erzielen k\u00f6nnen. Traditionell ernennt der Pr\u00e4sident danach einen Politiker aus der st\u00e4rksten Fraktion zum Premier. Bislang hatte aber Macron stets auf Politiker der Mitte oder aus dem konservativen Lager gesetzt.<\/p>\n<p class=\"text-18 leading-17\">Sollte es zu einer Einigung mit den linken Parteien kommen, ist weiter unklar, was mit Lecornu passiert: <a class=\"transition-colors duration-200 cursor-pointer text-inherit no-underline text-salemsfur md:hover:text-magenta md:hover:border-magenta md:focus:text-magenta border-current border-b border-solid break-words\" href=\"https:\/\/www.t-online.de\/nachrichten\/ausland\/internationale-politik\/id_100943364\/frankreich-neuer-premierminister-lecornu-tritt-zurueck.html\" data-sctrack=\"BodyAnchor\" target=\"_blank\" rel=\"noopener\">Macron hatte seinen R\u00fccktritt am Montag bereits angenommen<\/a>. Im Umfeld des 39-J\u00e4hrigen hie\u00df es zuletzt, er wolle unabh\u00e4ngig von den Verhandlungen nicht mehr als Premier weitermachen. Macron m\u00fcsste dann einen neuen Premier ernennen. Denkbar w\u00e4re, dass in diesem Fall der Regierungschef einer der linken Parteien angeh\u00f6rt.<\/p>\n","protected":false},"excerpt":{"rendered":"Krise in Frankreich Pl\u00f6tzlich scheint es einen Ausweg zu geben 08.10.2025 &#8211; 12:21 UhrLesedauer: 4 Min. Emmanuel Macron:&hellip;\n","protected":false},"author":2,"featured_media":482322,"comment_status":"","ping_status":"","sticky":false,"template":"","format":"standard","meta":{"footnotes":""},"categories":[3974],"tags":[326,331,332,1356,548,663,3934,3980,156,13,669,157,14,15,319,853,33289,12,59234],"class_list":{"0":"post-482321","1":"post","2":"type-post","3":"status-publish","4":"format-standard","5":"has-post-thumbnail","7":"category-frankreich","8":"tag-326","9":"tag-aktuelle-nachrichten","10":"tag-aktuelle-news","11":"tag-emmanuel-macron","12":"tag-eu","13":"tag-europa","14":"tag-europe","15":"tag-france","16":"tag-frankreich","17":"tag-headlines","18":"tag-krise","19":"tag-marine-le-pen","20":"tag-nachrichten","21":"tag-news","22":"tag-paris","23":"tag-parlamentswahl","24":"tag-regierungskrise","25":"tag-schlagzeilen","26":"tag-staatskrise"},"share_on_mastodon":{"url":"https:\/\/pubeurope.com\/@de\/115338090500026025","error":""},"_links":{"self":[{"href":"https:\/\/www.europesays.com\/de\/wp-json\/wp\/v2\/posts\/482321","targetHints":{"allow":["GET"]}}],"collection":[{"href":"https:\/\/www.europesays.com\/de\/wp-json\/wp\/v2\/posts"}],"about":[{"href":"https:\/\/www.europesays.com\/de\/wp-json\/wp\/v2\/types\/post"}],"author":[{"embeddable":true,"href":"https:\/\/www.europesays.com\/de\/wp-json\/wp\/v2\/users\/2"}],"replies":[{"embeddable":true,"href":"https:\/\/www.europesays.com\/de\/wp-json\/wp\/v2\/comments?post=482321"}],"version-history":[{"count":0,"href":"https:\/\/www.europesays.com\/de\/wp-json\/wp\/v2\/posts\/482321\/revisions"}],"wp:featuredmedia":[{"embeddable":true,"href":"https:\/\/www.europesays.com\/de\/wp-json\/wp\/v2\/media\/482322"}],"wp:attachment":[{"href":"https:\/\/www.europesays.com\/de\/wp-json\/wp\/v2\/media?parent=482321"}],"wp:term":[{"taxonomy":"category","embeddable":true,"href":"https:\/\/www.europesays.com\/de\/wp-json\/wp\/v2\/categories?post=482321"},{"taxonomy":"post_tag","embeddable":true,"href":"https:\/\/www.europesays.com\/de\/wp-json\/wp\/v2\/tags?post=482321"}],"curies":[{"name":"wp","href":"https:\/\/api.w.org\/{rel}","templated":true}]}}