{"id":482611,"date":"2025-10-08T13:10:12","date_gmt":"2025-10-08T13:10:12","guid":{"rendered":"https:\/\/www.europesays.com\/de\/482611\/"},"modified":"2025-10-08T13:10:12","modified_gmt":"2025-10-08T13:10:12","slug":"haben-ukrainische-drohnen-tatsaechlich-eine-strecke-von-2100-kilometern-geschafft","status":"publish","type":"post","link":"https:\/\/www.europesays.com\/de\/482611\/","title":{"rendered":"Haben ukrainische Drohnen tats\u00e4chlich eine Strecke von 2100 Kilometern geschafft?"},"content":{"rendered":"<p class=\"tspBPlp tspBPlq\">Drohnen haben nach russischen Angaben die \u00f6lreiche Region Tjumen in Westsibirien angegriffen. Drei Drohnen seien auf dem Gel\u00e4nde eines Unternehmens<strong> in der Gebietshauptstadt Tjumen entdeckt und unsch\u00e4dlich gemacht<\/strong> worden, teilte die Regionalverwaltung am Montag <a href=\"https:\/\/t.me\/operativnyishtabtyumen\/38010\" target=\"_blank\" rel=\"noopener nofollow\" class=\"link link--external\" data-gtm-class=\"article-text-link\" data-gtm-val=\"external\" aria-describedby=\"message-target-blank\">via Telegram mit<\/a>. <\/p>\n<p class=\"tspBPlp\">Der Vorfall hat sich demnach am Montagabend ereignet. \u201eDas operative Eingreifen der Notdienste hat die Detonation der Drohnen verhindert\u201c, es habe <strong>keine Sch\u00e4den und Verletzten gegeben<\/strong>, hei\u00dft es in der auf Telegram verbreiteten Mitteilung.<\/p>\n<blockquote class=\"tspBZmb\">\n<p>Drei Drohnen wurden im Stadtteil Antipino der Stadt Tjumen entdeckt und unsch\u00e4dlich gemacht.<\/p>\n<\/blockquote>\n<p class=\"tspBZmc\">Regionalverwaltung Tjumen<\/p>\n<p class=\"tspBPlp\">Der ukrainische Telegram-Kanal Exilenova hingegen berichtete, dass infolge des Angriffs <strong>eine Raffinerie getroffen worden sei. <\/strong>Auf dem als Beweisfoto angef\u00fcgten Bild sind aber nur unwesentliche Sch\u00e4den an einer Schutzwand vor den eigentlichen \u00d6ltanks zu erkennen. Ob das Foto tats\u00e4chlich aus Tjumen stammt, konnte bislang nicht unabh\u00e4ngig \u00fcberpr\u00fcft werden.<\/p>\n<p class=\"tspUe1\">Empfohlener redaktioneller Inhalt<\/p>\n<p> An dieser Stelle finden Sie einen von unseren Redakteuren ausgew\u00e4hlten, externen Inhalt, der den Artikel f\u00fcr Sie mit zus\u00e4tzlichen Informationen anreichert. Sie k\u00f6nnen sich hier den externen Inhalt mit einem Klick anzeigen lassen oder wieder ausblenden. <\/p>\n<p> Externen Inhalt anzeigen <\/p>\n<p class=\"tspUe7\"> Ich bin damit einverstanden, dass mir der externe Inhalt angezeigt wird. Damit k\u00f6nnen personenbezogene Daten an Drittplattformen \u00fcbermittelt werden.  Mehr Informationen dazu erhalten Sie in den Datenschutz-Einstellungen. Diese finden Sie ganz unten auf unserer Seite im Footer, sodass Sie Ihre Einstellungen jederzeit verwalten oder widerrufen k\u00f6nnen. <\/p>\n<p> Haben ukrainische Drohnen 2000-Kilometer-Distanz \u00fcberbr\u00fcckt? <\/p>\n<p class=\"tspBPlp\">Tjumen liegt <strong>mehr als 2.000 Kilometer von der Front entfernt<\/strong> im asiatischen Teil Russlands. Sollten die Flugobjekte tats\u00e4chlich in der Ukraine gestartet worden seien, w\u00e4re es das erste Mal, dass Kiews Langstreckendrohnen das Uralgebirge \u00fcberquert haben. Die Nachrichtenagentur AFP schreibt, dass Russlands Drohnenmeldungen aus Westsibirien auf eine Ausweitung der Reichweite ukrainischer Drohnen hindeuten k\u00f6nnten. Ob es sich aber tats\u00e4chlich um ukrainische Drohnen handelt und welches Typs die drei entdeckten Drohnen sind, lie\u00df Russland bisher offen.<\/p>\n<p class=\"tspBPlp\">Der estnische Milit\u00e4rblogger und Kriegsanalyst \u201eWarTranslated\u201c berichtete am Dienstag <a href=\"https:\/\/x.com\/wartranslated\/status\/1975323691304264157\" target=\"_blank\" rel=\"noopener nofollow\" class=\"link link--external\" data-gtm-class=\"article-text-link\" data-gtm-val=\"external\" aria-describedby=\"message-target-blank\">via X<\/a>, dass Russlands Beh\u00f6rden \u201enicht einmal einen Luftangriffsalarm ausgel\u00f6st haben\u201c. Als Grund gibt er an, dass man <strong>\u201ekeinen Angriff aus einer solchen Entfernung erwartet\u201c habe. <\/strong>Unabh\u00e4ngig \u00fcberpr\u00fcfen lie\u00dfen sich die Angaben bislang nicht.<\/p>\n<p> Putin reagiert auf Angriffe tief im Landesinneren <\/p>\n<p class=\"tspBPlp\">Der russische Pr\u00e4sident Wladimir Putin erkl\u00e4rte zwischenzeitlich, dass die Ukraine aktuell zwar vermehrt versuche, <strong>Schl\u00e4ge gegen Ziele tief im Landesinneren Russlands auszuf\u00fchren<\/strong>; \u201eaber das wird ihr nicht helfen\u201c, sagte er bei einem Treffen mit der Milit\u00e4rf\u00fchrung. Der Kremlchef bekr\u00e4ftigte dabei, dass er an den Kriegszielen in der Ukraine festhalten wolle.<\/p>\n<p> Lesen Sie auch: <a href=\"https:\/\/www.tagesspiegel.de\/internationales\/militarexperten-sehen-phase-0-erreicht-konnten-vorbereitungen-fur-einen-krieg-zwischen-russland-und-der-nato-sein-14498792.html?icid=topic-list_14494133___\" data-gtm-class=\"article-mzt-link\" class=\"tspB1mf\" rel=\"nofollow noopener\" target=\"_blank\">Milit\u00e4rexperten sehen \u201ePhase 0\u201c erreicht \u201eK\u00f6nnten Vorbereitungen f\u00fcr einen Krieg zwischen Russland und der Nato sein\u201c <\/a><a href=\"https:\/\/www.tagesspiegel.de\/internationales\/wegen-antirussischer-massnahmen-der-usa-russlands-duma-beschliesst-ausstieg-aus-plutoniumabkommen-14506034.html?icid=topic-list_14494133___\" data-gtm-class=\"article-mzt-link\" class=\"tspB1mf\" rel=\"nofollow noopener\" target=\"_blank\">Wegen \u201eantirussischer Ma\u00dfnahmen\u201c der USA Russlands Duma beschlie\u00dft Ausstieg aus Plutoniumabkommen <\/a><a href=\"https:\/\/www.tagesspiegel.de\/internationales\/sting-als-beispiel-fur-europa-was-kann-der-neue-drohnenkiller-der-ukraine-14428061.html?icid=topic-list_14494133___\" data-gtm-class=\"article-mzt-link\" class=\"tspB1mf\" rel=\"nofollow noopener\" target=\"_blank\">Sting als \u201eBeispiel f\u00fcr Europa\u201c Was kann der neue \u201eDrohnenkiller\u201c der Ukraine? <\/a><\/p>\n<p class=\"tspBPlp\">Im Sommer hatte die Ukraine schon einmal <strong>strategische Bomber in Irkutsk in Ostsibirien mit Drohnen attackiert. <\/strong>Diese Drohnen allerdings waren auf Lkw ins Land geschmuggelt worden und wurden in der N\u00e4he des Milit\u00e4rflugplatzes gestartet. (dpa, mira)<\/p>\n","protected":false},"excerpt":{"rendered":"Drohnen haben nach russischen Angaben die \u00f6lreiche Region Tjumen in Westsibirien angegriffen. Drei Drohnen seien auf dem Gel\u00e4nde&hellip;\n","protected":false},"author":2,"featured_media":480311,"comment_status":"","ping_status":"","sticky":false,"template":"","format":"standard","meta":{"footnotes":""},"categories":[4012],"tags":[331,332,13,14,15,307,12,317],"class_list":{"0":"post-482611","1":"post","2":"type-post","3":"status-publish","4":"format-standard","5":"has-post-thumbnail","7":"category-ukraine","8":"tag-aktuelle-nachrichten","9":"tag-aktuelle-news","10":"tag-headlines","11":"tag-nachrichten","12":"tag-news","13":"tag-russland","14":"tag-schlagzeilen","15":"tag-ukraine"},"share_on_mastodon":{"url":"https:\/\/pubeurope.com\/@de\/115338715253193298","error":""},"_links":{"self":[{"href":"https:\/\/www.europesays.com\/de\/wp-json\/wp\/v2\/posts\/482611","targetHints":{"allow":["GET"]}}],"collection":[{"href":"https:\/\/www.europesays.com\/de\/wp-json\/wp\/v2\/posts"}],"about":[{"href":"https:\/\/www.europesays.com\/de\/wp-json\/wp\/v2\/types\/post"}],"author":[{"embeddable":true,"href":"https:\/\/www.europesays.com\/de\/wp-json\/wp\/v2\/users\/2"}],"replies":[{"embeddable":true,"href":"https:\/\/www.europesays.com\/de\/wp-json\/wp\/v2\/comments?post=482611"}],"version-history":[{"count":0,"href":"https:\/\/www.europesays.com\/de\/wp-json\/wp\/v2\/posts\/482611\/revisions"}],"wp:featuredmedia":[{"embeddable":true,"href":"https:\/\/www.europesays.com\/de\/wp-json\/wp\/v2\/media\/480311"}],"wp:attachment":[{"href":"https:\/\/www.europesays.com\/de\/wp-json\/wp\/v2\/media?parent=482611"}],"wp:term":[{"taxonomy":"category","embeddable":true,"href":"https:\/\/www.europesays.com\/de\/wp-json\/wp\/v2\/categories?post=482611"},{"taxonomy":"post_tag","embeddable":true,"href":"https:\/\/www.europesays.com\/de\/wp-json\/wp\/v2\/tags?post=482611"}],"curies":[{"name":"wp","href":"https:\/\/api.w.org\/{rel}","templated":true}]}}