{"id":482752,"date":"2025-10-08T14:26:12","date_gmt":"2025-10-08T14:26:12","guid":{"rendered":"https:\/\/www.europesays.com\/de\/482752\/"},"modified":"2025-10-08T14:26:12","modified_gmt":"2025-10-08T14:26:12","slug":"29-jaehrige-in-linienbus-leicht-verletzt-nach-bremsmanoever","status":"publish","type":"post","link":"https:\/\/www.europesays.com\/de\/482752\/","title":{"rendered":"29-J\u00e4hrige in Linienbus leicht verletzt nach Bremsman\u00f6ver"},"content":{"rendered":"<p class=\"text_ohne_einzug richtext text-em-55 !leading-serif mx-6 desktop:mx-0\">Eine 29-j\u00e4hrige Frau ist mit dem Kopf gegen die Haltestange gesto\u00dfen, nachdem die Busfahrerin aufgrund eines einscherenden Autos bremsen musste. Laut Polizei fuhr die 46-j\u00e4hrige Busfahrerin am Montag, 6. Oktober, gegen 9.35 Uhr die Morianstra\u00dfe entlang. Als sie anfuhr, um sich in den flie\u00dfenden Verkehr einzuordnen, scherte nach bisherigen Erkenntnissen unvermittelt vor ihr ein Pkw ein.<\/p>\n","protected":false},"excerpt":{"rendered":"Eine 29-j\u00e4hrige Frau ist mit dem Kopf gegen die Haltestange gesto\u00dfen, nachdem die Busfahrerin aufgrund eines einscherenden Autos&hellip;\n","protected":false},"author":2,"featured_media":482753,"comment_status":"","ping_status":"","sticky":false,"template":"","format":"standard","meta":{"footnotes":""},"categories":[1840],"tags":[16240,3364,29,30,121920,10914,1209,4418,4996],"class_list":{"0":"post-482752","1":"post","2":"type-post","3":"status-publish","4":"format-standard","5":"has-post-thumbnail","7":"category-wuppertal","8":"tag-busfahrerin","9":"tag-de","10":"tag-deutschland","11":"tag-germany","12":"tag-haltestange","13":"tag-kopf","14":"tag-nordrhein-westfalen","15":"tag-wuppertal","16":"tag-zeugen"},"share_on_mastodon":{"url":"https:\/\/pubeurope.com\/@de\/115339013930024758","error":""},"_links":{"self":[{"href":"https:\/\/www.europesays.com\/de\/wp-json\/wp\/v2\/posts\/482752","targetHints":{"allow":["GET"]}}],"collection":[{"href":"https:\/\/www.europesays.com\/de\/wp-json\/wp\/v2\/posts"}],"about":[{"href":"https:\/\/www.europesays.com\/de\/wp-json\/wp\/v2\/types\/post"}],"author":[{"embeddable":true,"href":"https:\/\/www.europesays.com\/de\/wp-json\/wp\/v2\/users\/2"}],"replies":[{"embeddable":true,"href":"https:\/\/www.europesays.com\/de\/wp-json\/wp\/v2\/comments?post=482752"}],"version-history":[{"count":0,"href":"https:\/\/www.europesays.com\/de\/wp-json\/wp\/v2\/posts\/482752\/revisions"}],"wp:featuredmedia":[{"embeddable":true,"href":"https:\/\/www.europesays.com\/de\/wp-json\/wp\/v2\/media\/482753"}],"wp:attachment":[{"href":"https:\/\/www.europesays.com\/de\/wp-json\/wp\/v2\/media?parent=482752"}],"wp:term":[{"taxonomy":"category","embeddable":true,"href":"https:\/\/www.europesays.com\/de\/wp-json\/wp\/v2\/categories?post=482752"},{"taxonomy":"post_tag","embeddable":true,"href":"https:\/\/www.europesays.com\/de\/wp-json\/wp\/v2\/tags?post=482752"}],"curies":[{"name":"wp","href":"https:\/\/api.w.org\/{rel}","templated":true}]}}