{"id":483009,"date":"2025-10-08T16:40:17","date_gmt":"2025-10-08T16:40:17","guid":{"rendered":"https:\/\/www.europesays.com\/de\/483009\/"},"modified":"2025-10-08T16:40:17","modified_gmt":"2025-10-08T16:40:17","slug":"nach-amrum-fatih-akin-hat-schon-den-naechsten-film-gedreht","status":"publish","type":"post","link":"https:\/\/www.europesays.com\/de\/483009\/","title":{"rendered":"Nach &#8222;Amrum&#8220;: Fatih Akin hat schon den n\u00e4chsten Film gedreht"},"content":{"rendered":"<p>\n                <strong>Video:<\/strong><br \/>\n                Fatih Akins neuer Film &#8222;Amrum&#8220; feiert Deutschlandpremiere (3 Min)\n            <\/p>\n<p>\n            Stand: 08.10.2025 14:24 Uhr<\/p>\n<p class=\"preface\">Kurz vor dem Kinostart seines Dramas &#8222;Amrum&#8220; am 9. Oktober hat der Hamburger Regisseur Fatih Akin bereits seinen n\u00e4chsten Film abgedreht. F\u00fcr eine Liebesgeschichte zwischen Traum und Realit\u00e4t ist die letzte Klappe gefallen.\u00a0<\/p>\n<p class=\"\">An insgesamt 43 Tagen hat Akin mit seinem Team in Hamburg, Schleswig-Holstein und Bayern gedreht. &#8222;Geister&#8220; gilt noch als Arbeitstitel, der bis zur Ver\u00f6ffentlichung noch ver\u00e4ndert werden kann.<\/p>\n<p>    &#8222;Geister&#8220;: Vom Jenseits in die Traumwelt<\/p>\n<p class=\"\">In dem Film erz\u00e4hlt Akin die ungew\u00f6hnliche Liebesgeschichte zwischen Faris und Farasha. Nach ihrem fr\u00fchen Tod tritt die 20-j\u00e4hrige Farasha aus dem Jenseits in die Traumwelt von Faris ein. Aus der zarten Begegnung entwickelt sich eine leidenschaftliche Romanze, in der Realit\u00e4t und Imagination zunehmend verschwimmen.\u00a0<\/p>\n<p class=\"\">Die Hauptrollen \u00fcbernehmen Eren M. G\u00fcvercin (Faris) und Mariam Dawoud (Farasha). In weiteren Rollen sind unter anderem Lama Alhalabi, Carlotta von Falkenhayn, Gabriel-Winner Amorin, David Sch\u00fctter und Anna Bederke zu sehen.<\/p>\n<p>    Kinostart im Jahr 2026<\/p>\n<p class=\"\">&#8222;Geister&#8220; soll 2026 in die deutschen Kinos kommen &#8211; ein genauer Termin steht nicht fest. Das Drehbuch schrieb Akin gemeinsam mit Ruth Toma (&#8222;Der Junge muss an die frische Luft&#8220;), die Kamera f\u00fchrte Frank Griebe (&#8222;Das Parfum&#8220;, &#8222;Babylon Berlin&#8220;). Unterst\u00fctzt wird das Projekt von mehreren Filmf\u00f6rderungen, darunter auch die MOIN Filmf\u00f6rderung Hamburg Schleswig-Holstein.<\/p>\n<p>\n            <strong>Video:<\/strong><br \/>\n            Kindheitserinnerungen von Hark Bohm: &#8222;Amrum&#8220; von Fatih Akin (5 Min)\n        <\/p>\n<p>        <img decoding=\"async\" src=\"https:\/\/www.europesays.com\/de\/wp-content\/uploads\/2025\/10\/fatihakin174.webp\" alt=\"Ein Mann im schwarzen Anzug mit wei\u00dfem Hemd, mittellangen Haaren, l\u00e4chelt auf den roten Teppich von Cannes (Regisseur Fatih Akin bei der Er\u00f6ffnung von Cannes)\" title=\"Ein Mann im schwarzen Anzug mit wei\u00dfem Hemd, mittellangen Haaren, l\u00e4chelt auf den roten Teppich von Cannes (Regisseur Fatih Akin bei der Er\u00f6ffnung von Cannes) | picture alliance\/dpa\" class=\"responsive\" loading=\"lazy\"\/><\/p>\n<p>Der Hamburger Filmemacher spricht \u00fcber die Herausforderungen, einen Historienfilm auf einer Insel zu drehen und das Weltkriegsszenario nachzubilden.<\/p>\n<p>        <img decoding=\"async\" src=\"https:\/\/www.europesays.com\/de\/wp-content\/uploads\/2025\/10\/oliviajones-104.webp\" alt=\"Eine Travestie-K\u00fcnstlerin und ein Mann in schwarzem Sakko stehen vor einer grauen Wand\" title=\"Eine Travestie-K\u00fcnstlerin und ein Mann in schwarzem Sakko stehen vor einer grauen Wand | Filmfest Hamburg 2025 \/ Michael Kottmeier,K-film\" class=\"responsive\" loading=\"lazy\"\/><\/p>\n<p>Zu den H\u00f6hepunkten des Festivals geh\u00f6rte die Deutschlandpremiere von Fatih Akins &#8222;Amrum&#8220;. Auch &#8222;Olivia&#8220; sorgte f\u00fcr viel Glamour.<\/p>\n<p>        <img decoding=\"async\" src=\"https:\/\/www.europesays.com\/de\/wp-content\/uploads\/2025\/10\/kruger106.webp\" alt=\"Diane Kruger zeigt bei der Verleihung der 23. Critics' Choice Awards die Auszeichnung f\u00fcr den besten nicht-englischsprachigen Film f\u00fcr &quot;Aus dem Nichts&quot;.\" title=\"Diane Kruger zeigt bei der Verleihung der 23. Critics' Choice Awards die Auszeichnung f\u00fcr den besten nicht-englischsprachigen Film f\u00fcr &quot;Aus dem Nichts&quot;. | dpa\" class=\"responsive\" loading=\"lazy\"\/><\/p>\n<p>Die Nieders\u00e4chsin war Model, ging nach Hollywood und spielte mit internationalen Stars. Mit Fatih Akin drehte sie &#8222;Aus dem Nichts&#8220; und &#8222;Amrum&#8220;.<\/p>\n<p>        <img decoding=\"async\" src=\"https:\/\/www.europesays.com\/de\/wp-content\/uploads\/2025\/10\/screenshot-49852.webp\" alt=\"Amrum aus der Luft betrachtet.\" title=\"Amrum aus der Luft betrachtet. | Screenshot\" class=\"responsive\" loading=\"lazy\"\/><\/p>\n<p>\n                                    4 Min<\/p>\n<p>1.200 Karten f\u00fcr die Vorstellung auf Amrum sind bereits verkauft. Besonders auf die Friesischen Dialoge ist man hier gespannt.<\/p>\n<p>        <img decoding=\"async\" src=\"https:\/\/www.europesays.com\/de\/wp-content\/uploads\/2025\/09\/harkbohm126.webp\" alt=\"Der Regisseur Hark Bohm steht 2019 auf einem F\u00e4hranleger in Hamburg.\" title=\"Der Regisseur Hark Bohm steht 2019 auf einem F\u00e4hranleger in Hamburg. | picture alliance\/dpa, Ulrich Perrey\" class=\"responsive\" loading=\"lazy\"\/><\/p>\n<p>Fatih Akins Film &#8222;Amrum&#8220; nach Hark Bohms Roman \u00fcber dessen Kindheit l\u00e4uft im Kino an. Ein Portr\u00e4t des 86-j\u00e4hrigen Autoren und Filmemachers.<\/p>\n<p>Dieses Thema im Programm:<\/p>\n<p>                NDR Fernsehen | Hamburg Journal | 29.09.2025 | 19:30 Uhr<\/p>\n","protected":false},"excerpt":{"rendered":"Video: Fatih Akins neuer Film &#8222;Amrum&#8220; feiert Deutschlandpremiere (3 Min) Stand: 08.10.2025 14:24 Uhr Kurz vor dem Kinostart&hellip;\n","protected":false},"author":2,"featured_media":483010,"comment_status":"","ping_status":"","sticky":false,"template":"","format":"standard","meta":{"footnotes":""},"categories":[1771],"tags":[1778,29,214,30,95,1777,5284,215],"class_list":{"0":"post-483009","1":"post","2":"type-post","3":"status-publish","4":"format-standard","5":"has-post-thumbnail","7":"category-kino","8":"tag-cinema","9":"tag-deutschland","10":"tag-entertainment","11":"tag-germany","12":"tag-kino","13":"tag-movie","14":"tag-spielfilm","15":"tag-unterhaltung"},"share_on_mastodon":{"url":"https:\/\/pubeurope.com\/@de\/115339541752311899","error":""},"_links":{"self":[{"href":"https:\/\/www.europesays.com\/de\/wp-json\/wp\/v2\/posts\/483009","targetHints":{"allow":["GET"]}}],"collection":[{"href":"https:\/\/www.europesays.com\/de\/wp-json\/wp\/v2\/posts"}],"about":[{"href":"https:\/\/www.europesays.com\/de\/wp-json\/wp\/v2\/types\/post"}],"author":[{"embeddable":true,"href":"https:\/\/www.europesays.com\/de\/wp-json\/wp\/v2\/users\/2"}],"replies":[{"embeddable":true,"href":"https:\/\/www.europesays.com\/de\/wp-json\/wp\/v2\/comments?post=483009"}],"version-history":[{"count":0,"href":"https:\/\/www.europesays.com\/de\/wp-json\/wp\/v2\/posts\/483009\/revisions"}],"wp:featuredmedia":[{"embeddable":true,"href":"https:\/\/www.europesays.com\/de\/wp-json\/wp\/v2\/media\/483010"}],"wp:attachment":[{"href":"https:\/\/www.europesays.com\/de\/wp-json\/wp\/v2\/media?parent=483009"}],"wp:term":[{"taxonomy":"category","embeddable":true,"href":"https:\/\/www.europesays.com\/de\/wp-json\/wp\/v2\/categories?post=483009"},{"taxonomy":"post_tag","embeddable":true,"href":"https:\/\/www.europesays.com\/de\/wp-json\/wp\/v2\/tags?post=483009"}],"curies":[{"name":"wp","href":"https:\/\/api.w.org\/{rel}","templated":true}]}}