{"id":483037,"date":"2025-10-08T16:54:14","date_gmt":"2025-10-08T16:54:14","guid":{"rendered":"https:\/\/www.europesays.com\/de\/483037\/"},"modified":"2025-10-08T16:54:14","modified_gmt":"2025-10-08T16:54:14","slug":"wirbel-bei-borussia-moenchengladbach-geht-jetzt-alles-schnell","status":"publish","type":"post","link":"https:\/\/www.europesays.com\/de\/483037\/","title":{"rendered":"Wirbel bei Borussia M\u00f6nchengladbach: Geht jetzt alles schnell?"},"content":{"rendered":"\n<p>Der Baum bei Borussia M\u00f6nchengladbach brennt! Keinen Trainer, keinen Gesch\u00e4ftsf\u00fchrer Sport und katastrophale Ergebnisse in der Bundesliga. Die Folge: Platz 17. Es droht Abstiegskampf am Niederrhein.<\/p>\n<p>Die Verantwortlichen von Borussia M\u00f6nchengladbach wollen f\u00fcr die Wende sorgen. Daf\u00fcr m\u00fcssen erstmal die beiden wichtigen Positionen besetzt werden. Dabei scheint man auch schon einen ersten Nachfolger gefunden zu haben. Bei der Trainersuche gibt es auch Neuigkeiten.<\/p>\n<p> Borussia M\u00f6nchengladbach: Interne L\u00f6sung f\u00fcr Virkus-Nachfolger? <\/p>\n<p>Bei der Suche nach einem Nachfolger f\u00fcr den zur\u00fcckgetretenen Gesch\u00e4ftsf\u00fchrer Sport Roland Virkus k\u00f6nnte Borussia M\u00f6nchengladbach wohl auf eine interne L\u00f6sung zur\u00fcckgreifen, berichtet die \u201eRheinische Post\u201c.<\/p>\n<p><strong>Auch interessant:<\/strong> <a href=\"https:\/\/www.derwesten.de\/sport\/fussball\/lamine-yamal-ballon-dor-dembele-vater-barcelona-psg-id301847529.html\" rel=\"nofollow noopener\" target=\"_blank\">Lamine Yamal: Sein Vater w\u00fctet \u2013 \u201eGr\u00f6\u00dfter moralischer Schaden einem Menschen gegen\u00fcber\u201c<\/a><\/p>\n<p>Demnach gibt es jetzt erste Anzeichen daf\u00fcr, dass Sportkoordinator David Zibung eine Bef\u00f6rderung winkt. Der ehemalige Torwart kam im vergangenen Jahr auf Wunsch von Seoane, der ihn noch aus der gemeinsamen Zeit in Luzern kannte. Der 41-j\u00e4hrige Schweizer war auch ein Vertrauter von Virkus, arbeitete stets mit ihm zusammen.<\/p>\n<p>Weiter hei\u00dft es, dass Zibung zum Sportdirektor bef\u00f6rdert werden sollte, der dann mit einem noch gesuchten Sport-Gesch\u00e4ftsf\u00fchrer die Geschicke bei den Fohlen leiten soll.<\/p>\n<p> Polanski darf wohl weiter bleiben <\/p>\n<p>Zibung soll dann bei der Suche nach einem Nachfolger f\u00fcr Virkus die Bosse unterst\u00fctzen und in den Prozess eng eingebunden sein. Was zuletzt sehr kurios war: Nach dem Rauswurf von Seoane durfte Zibung zwar seinen Job behalten, aber diesen nicht mehr auf dem Trainingsplatz von Borussia M\u00f6nchengladbach aus\u00fcben. Sollte er nun zum Sportdirektor bef\u00f6rdert werden, w\u00e4re dieses irre Platzverbot dann wohl aufgehoben.<\/p>\n<p>Mehr Nachrichten f\u00fcr dich:<\/p>\n<p>Was die Trainersuche betrifft, gibt es jetzt eine \u00fcberraschende Nachricht. Wie die \u201eSport Bild\u201c berichtet, bekommt Eugen Polanski offenbar f\u00fcnf weitere Pflichtspiele auf Bew\u00e4hrung. Hier hat der U23-\u00dcbungsleiter dann die M\u00f6glichkeit, die Bosse zu \u00fcberzeugen und f\u00fcr eine Wende zu sorgen.<\/p>\n","protected":false},"excerpt":{"rendered":"Der Baum bei Borussia M\u00f6nchengladbach brennt! Keinen Trainer, keinen Gesch\u00e4ftsf\u00fchrer Sport und katastrophale Ergebnisse in der Bundesliga. Die&hellip;\n","protected":false},"author":2,"featured_media":483038,"comment_status":"","ping_status":"","sticky":false,"template":"","format":"standard","meta":{"footnotes":""},"categories":[1849],"tags":[815,3364,29,548,663,3934,30,13,4455,14,15,1209,12],"class_list":{"0":"post-483037","1":"post","2":"type-post","3":"status-publish","4":"format-standard","5":"has-post-thumbnail","7":"category-moenchengladbach","8":"tag-borussia-moenchengladbach","9":"tag-de","10":"tag-deutschland","11":"tag-eu","12":"tag-europa","13":"tag-europe","14":"tag-germany","15":"tag-headlines","16":"tag-moenchengladbach","17":"tag-nachrichten","18":"tag-news","19":"tag-nordrhein-westfalen","20":"tag-schlagzeilen"},"share_on_mastodon":{"url":"https:\/\/pubeurope.com\/@de\/115339596056316315","error":""},"_links":{"self":[{"href":"https:\/\/www.europesays.com\/de\/wp-json\/wp\/v2\/posts\/483037","targetHints":{"allow":["GET"]}}],"collection":[{"href":"https:\/\/www.europesays.com\/de\/wp-json\/wp\/v2\/posts"}],"about":[{"href":"https:\/\/www.europesays.com\/de\/wp-json\/wp\/v2\/types\/post"}],"author":[{"embeddable":true,"href":"https:\/\/www.europesays.com\/de\/wp-json\/wp\/v2\/users\/2"}],"replies":[{"embeddable":true,"href":"https:\/\/www.europesays.com\/de\/wp-json\/wp\/v2\/comments?post=483037"}],"version-history":[{"count":0,"href":"https:\/\/www.europesays.com\/de\/wp-json\/wp\/v2\/posts\/483037\/revisions"}],"wp:featuredmedia":[{"embeddable":true,"href":"https:\/\/www.europesays.com\/de\/wp-json\/wp\/v2\/media\/483038"}],"wp:attachment":[{"href":"https:\/\/www.europesays.com\/de\/wp-json\/wp\/v2\/media?parent=483037"}],"wp:term":[{"taxonomy":"category","embeddable":true,"href":"https:\/\/www.europesays.com\/de\/wp-json\/wp\/v2\/categories?post=483037"},{"taxonomy":"post_tag","embeddable":true,"href":"https:\/\/www.europesays.com\/de\/wp-json\/wp\/v2\/tags?post=483037"}],"curies":[{"name":"wp","href":"https:\/\/api.w.org\/{rel}","templated":true}]}}