{"id":483144,"date":"2025-10-08T17:51:17","date_gmt":"2025-10-08T17:51:17","guid":{"rendered":"https:\/\/www.europesays.com\/de\/483144\/"},"modified":"2025-10-08T17:51:17","modified_gmt":"2025-10-08T17:51:17","slug":"berlin-brandenburg-drei-teenager-schuetten-oel-aus-und-zuenden-es-an","status":"publish","type":"post","link":"https:\/\/www.europesays.com\/de\/483144\/","title":{"rendered":"Berlin &#038; Brandenburg: Drei Teenager sch\u00fctten \u00d6l aus und z\u00fcnden es an"},"content":{"rendered":"<p>                    Berlin &amp; Brandenburg<br \/>\n                Drei Teenager sch\u00fctten \u00d6l aus und z\u00fcnden es an<\/p>\n<p>\t\t\t\t              08.10.2025, 17:18 Uhr<\/p>\n<p><strong>Drei Jugendliche haben in Berlin-Marzahn \u00d6l ausgesch\u00fcttet und angez\u00fcndet. Die Feuerwehr hatte die Flammen schnell im Griff. Doch nun ermittelt die Polizei.<\/strong><\/p>\n<p>Berlin (dpa\/bb) &#8211; Zwei 14-J\u00e4hrige und ein 13-J\u00e4hriger haben im Berliner Stadtteil Marzahn zwei Kanister mit \u00d6l ausgesch\u00fcttet und das ausgelaufene \u00d6l angez\u00fcndet. Die drei jungen Brandstifter seien dabei am Dienstagnachmittag von Zeugen beobachtet worden, die die Polizei riefen, hie\u00df es von den Beamten. Die Feuerwehr konnte die Flammen schnell l\u00f6schen und das ausgetretene \u00d6l binden.\u00a0<\/p>\n<p>Die drei Jugendlichen fl\u00fcchteten zun\u00e4chst, kehrten jedoch wenig sp\u00e4ter an den Tatort zur\u00fcck. Dort wurden sie von der Polizei aufgegriffen und nach der Feststellung ihrer Identit\u00e4ten ihren Eltern \u00fcbergeben. Die Polizei hat Ermittlungen wegen Bodenverunreinigung aufgenommen.<\/p>\n","protected":false},"excerpt":{"rendered":"Berlin &amp; Brandenburg Drei Teenager sch\u00fctten \u00d6l aus und z\u00fcnden es an 08.10.2025, 17:18 Uhr Drei Jugendliche haben&hellip;\n","protected":false},"author":2,"featured_media":483145,"comment_status":"","ping_status":"","sticky":false,"template":"","format":"standard","meta":{"footnotes":""},"categories":[1825],"tags":[296,1890,29,8699,30,1510,16173],"class_list":{"0":"post-483144","1":"post","2":"type-post","3":"status-publish","4":"format-standard","5":"has-post-thumbnail","7":"category-berlin","8":"tag-berlin","9":"tag-brandenburg","10":"tag-deutschland","11":"tag-drei","12":"tag-germany","13":"tag-oel","14":"tag-teenager"},"share_on_mastodon":{"url":"https:\/\/pubeurope.com\/@de\/115339820249048410","error":""},"_links":{"self":[{"href":"https:\/\/www.europesays.com\/de\/wp-json\/wp\/v2\/posts\/483144","targetHints":{"allow":["GET"]}}],"collection":[{"href":"https:\/\/www.europesays.com\/de\/wp-json\/wp\/v2\/posts"}],"about":[{"href":"https:\/\/www.europesays.com\/de\/wp-json\/wp\/v2\/types\/post"}],"author":[{"embeddable":true,"href":"https:\/\/www.europesays.com\/de\/wp-json\/wp\/v2\/users\/2"}],"replies":[{"embeddable":true,"href":"https:\/\/www.europesays.com\/de\/wp-json\/wp\/v2\/comments?post=483144"}],"version-history":[{"count":0,"href":"https:\/\/www.europesays.com\/de\/wp-json\/wp\/v2\/posts\/483144\/revisions"}],"wp:featuredmedia":[{"embeddable":true,"href":"https:\/\/www.europesays.com\/de\/wp-json\/wp\/v2\/media\/483145"}],"wp:attachment":[{"href":"https:\/\/www.europesays.com\/de\/wp-json\/wp\/v2\/media?parent=483144"}],"wp:term":[{"taxonomy":"category","embeddable":true,"href":"https:\/\/www.europesays.com\/de\/wp-json\/wp\/v2\/categories?post=483144"},{"taxonomy":"post_tag","embeddable":true,"href":"https:\/\/www.europesays.com\/de\/wp-json\/wp\/v2\/tags?post=483144"}],"curies":[{"name":"wp","href":"https:\/\/api.w.org\/{rel}","templated":true}]}}