{"id":483195,"date":"2025-10-08T18:17:14","date_gmt":"2025-10-08T18:17:14","guid":{"rendered":"https:\/\/www.europesays.com\/de\/483195\/"},"modified":"2025-10-08T18:17:14","modified_gmt":"2025-10-08T18:17:14","slug":"augsburg-spielt-im-test-gegen-drittligist-ulm-nur-remis","status":"publish","type":"post","link":"https:\/\/www.europesays.com\/de\/483195\/","title":{"rendered":"Augsburg spielt im Test gegen Drittligist Ulm nur Remis"},"content":{"rendered":"<p class=\"is-first-paragraph\" data-external=\"Article.FirstParagraph\">Der FC Augsburg ist im Testspiel gegen den Fu\u00dfball-Drittligisten SSV Ulm nicht \u00fcber ein Unentschieden hinausgekommen. In dem St\u00e4dtchen Burgau schoss Phillip Tietz (15. Minute) den einzigen Treffer f\u00fcr den Bundesligisten von Coach Sandro Wagner beim 1:1 (1:1).<\/p>\n<p>F\u00fcr die Ulmer um den vom Interims- zum Cheftrainer bef\u00f6rderten Moritz Glasbrenner erzielte Lucas R\u00f6ser den Ausgleich zum 1:1 (39.).<\/p>\n<p>Der FCA hatte am vergangenen Wochenende seine Mini-Krise nach vier Liga-Niederlagen vorl\u00e4ufig beendet und den VfL Wolfsburg verdient mit 3:1 geschlagen. Der als gro\u00dfer Hoffnungstr\u00e4ger angeheuerte Coach Wagner konnte dabei auch pers\u00f6nlich aufatmen &#8211; er war zuletzt vermehrt in die Kritik geraten.<\/p>\n","protected":false},"excerpt":{"rendered":"Der FC Augsburg ist im Testspiel gegen den Fu\u00dfball-Drittligisten SSV Ulm nicht \u00fcber ein Unentschieden hinausgekommen. In dem&hellip;\n","protected":false},"author":2,"featured_media":483196,"comment_status":"","ping_status":"","sticky":false,"template":"","format":"standard","meta":{"footnotes":""},"categories":[1846],"tags":[680,772,3364,29,548,663,3934,30,13,14,15,12],"class_list":{"0":"post-483195","1":"post","2":"type-post","3":"status-publish","4":"format-standard","5":"has-post-thumbnail","7":"category-augsburg","8":"tag-augsburg","9":"tag-bayern","10":"tag-de","11":"tag-deutschland","12":"tag-eu","13":"tag-europa","14":"tag-europe","15":"tag-germany","16":"tag-headlines","17":"tag-nachrichten","18":"tag-news","19":"tag-schlagzeilen"},"share_on_mastodon":{"url":"https:\/\/pubeurope.com\/@de\/115339922328387347","error":""},"_links":{"self":[{"href":"https:\/\/www.europesays.com\/de\/wp-json\/wp\/v2\/posts\/483195","targetHints":{"allow":["GET"]}}],"collection":[{"href":"https:\/\/www.europesays.com\/de\/wp-json\/wp\/v2\/posts"}],"about":[{"href":"https:\/\/www.europesays.com\/de\/wp-json\/wp\/v2\/types\/post"}],"author":[{"embeddable":true,"href":"https:\/\/www.europesays.com\/de\/wp-json\/wp\/v2\/users\/2"}],"replies":[{"embeddable":true,"href":"https:\/\/www.europesays.com\/de\/wp-json\/wp\/v2\/comments?post=483195"}],"version-history":[{"count":0,"href":"https:\/\/www.europesays.com\/de\/wp-json\/wp\/v2\/posts\/483195\/revisions"}],"wp:featuredmedia":[{"embeddable":true,"href":"https:\/\/www.europesays.com\/de\/wp-json\/wp\/v2\/media\/483196"}],"wp:attachment":[{"href":"https:\/\/www.europesays.com\/de\/wp-json\/wp\/v2\/media?parent=483195"}],"wp:term":[{"taxonomy":"category","embeddable":true,"href":"https:\/\/www.europesays.com\/de\/wp-json\/wp\/v2\/categories?post=483195"},{"taxonomy":"post_tag","embeddable":true,"href":"https:\/\/www.europesays.com\/de\/wp-json\/wp\/v2\/tags?post=483195"}],"curies":[{"name":"wp","href":"https:\/\/api.w.org\/{rel}","templated":true}]}}