{"id":483272,"date":"2025-10-08T18:56:11","date_gmt":"2025-10-08T18:56:11","guid":{"rendered":"https:\/\/www.europesays.com\/de\/483272\/"},"modified":"2025-10-08T18:56:11","modified_gmt":"2025-10-08T18:56:11","slug":"brand-neben-stephanuskirche-in-mockau","status":"publish","type":"post","link":"https:\/\/www.europesays.com\/de\/483272\/","title":{"rendered":"Brand neben Stephanuskirche in Mockau"},"content":{"rendered":"<p class=\"Textstyled__Text-sc-1cqv9mi-0 cLyiiX\">Leipzig. In einem Haus nahe der Stephanuskirche in Mockau-Nord hat es am Mittwochabend gebrannt. Nach eigener Aussage wurde die Feuerwehr gegen 17.20 Uhr zu dem Geb\u00e4ude in die Kieler Stra\u00dfe gerufen, nachdem aus dessen Fenstern Rauch gequollen war.<\/p>\n<p>Weiterlesen nach der Anzeige<\/p>\n<p>Weiterlesen nach der Anzeige<\/p>\n<p class=\"Textstyled__Text-sc-1cqv9mi-0 cLyiiX\">Die Leipziger Berufsfeuerwehr r\u00fcckte mit sechs Fahrzeugen aus. Nach Eintreffen stellten die Einsatzkr\u00e4fte fest, dass in dem Haus Unrat brannte. Unter Atemschutz betraten sie das Geb\u00e4ude und l\u00f6schten die Flammen.<\/p>\n<p class=\"Textstyled__Text-sc-1cqv9mi-0 cLyiiX\">Wie es zu dem Brand kommen konnte, ist laut der Polizei bisher unklar. Man habe die Ermittlungen aufgenommen.<\/p>\n<p class=\"Editorialstyled__Editorial-sc-1bfvh9l-0 cSmjnJ\">LVZ<\/p>\n","protected":false},"excerpt":{"rendered":"Leipzig. In einem Haus nahe der Stephanuskirche in Mockau-Nord hat es am Mittwochabend gebrannt. Nach eigener Aussage wurde&hellip;\n","protected":false},"author":2,"featured_media":483273,"comment_status":"","ping_status":"","sticky":false,"template":"","format":"standard","meta":{"footnotes":""},"categories":[1832],"tags":[3364,29,30,71,859],"class_list":{"0":"post-483272","1":"post","2":"type-post","3":"status-publish","4":"format-standard","5":"has-post-thumbnail","7":"category-leipzig","8":"tag-de","9":"tag-deutschland","10":"tag-germany","11":"tag-leipzig","12":"tag-sachsen"},"share_on_mastodon":{"url":"https:\/\/pubeurope.com\/@de\/115340075553307161","error":""},"_links":{"self":[{"href":"https:\/\/www.europesays.com\/de\/wp-json\/wp\/v2\/posts\/483272","targetHints":{"allow":["GET"]}}],"collection":[{"href":"https:\/\/www.europesays.com\/de\/wp-json\/wp\/v2\/posts"}],"about":[{"href":"https:\/\/www.europesays.com\/de\/wp-json\/wp\/v2\/types\/post"}],"author":[{"embeddable":true,"href":"https:\/\/www.europesays.com\/de\/wp-json\/wp\/v2\/users\/2"}],"replies":[{"embeddable":true,"href":"https:\/\/www.europesays.com\/de\/wp-json\/wp\/v2\/comments?post=483272"}],"version-history":[{"count":0,"href":"https:\/\/www.europesays.com\/de\/wp-json\/wp\/v2\/posts\/483272\/revisions"}],"wp:featuredmedia":[{"embeddable":true,"href":"https:\/\/www.europesays.com\/de\/wp-json\/wp\/v2\/media\/483273"}],"wp:attachment":[{"href":"https:\/\/www.europesays.com\/de\/wp-json\/wp\/v2\/media?parent=483272"}],"wp:term":[{"taxonomy":"category","embeddable":true,"href":"https:\/\/www.europesays.com\/de\/wp-json\/wp\/v2\/categories?post=483272"},{"taxonomy":"post_tag","embeddable":true,"href":"https:\/\/www.europesays.com\/de\/wp-json\/wp\/v2\/tags?post=483272"}],"curies":[{"name":"wp","href":"https:\/\/api.w.org\/{rel}","templated":true}]}}