{"id":483274,"date":"2025-10-08T18:57:11","date_gmt":"2025-10-08T18:57:11","guid":{"rendered":"https:\/\/www.europesays.com\/de\/483274\/"},"modified":"2025-10-08T18:57:11","modified_gmt":"2025-10-08T18:57:11","slug":"eroeffnung-fuer-herbst-2027-geplant","status":"publish","type":"post","link":"https:\/\/www.europesays.com\/de\/483274\/","title":{"rendered":"Er\u00f6ffnung f\u00fcr Herbst 2027 geplant"},"content":{"rendered":"<p class=\"text_ohne_einzug richtext text-em-55 !leading-serif mx-6 desktop:mx-0\"> Wer in diesen Tagen am Bauzaun rund um den Heinrich-Heine-Platz in der Altstadt entlangflaniert, bemerkt eine akustische Ver\u00e4nderung: L\u00e4rm. Arbeiter rufen sich Anweisungen zu, Maschinen dr\u00f6hnen, ja sogar der <a href=\"https:\/\/rp-online.de\/thema\/kran\/\" rel=\"nofollow noopener\" target=\"_blank\">Kran<\/a> bewegt sich wieder. Seit <a href=\"https:\/\/rp-online.de\/thema\/herbst\/\" rel=\"nofollow noopener\" target=\"_blank\">Herbst<\/a> 2023 stand die Baustelle im Herzen der Stadt still, seit Dienstag gibt es wieder Bewegung \u2013 und jetzt auch eine zeitliche Perspektive.<\/p>\n","protected":false},"excerpt":{"rendered":"Wer in diesen Tagen am Bauzaun rund um den Heinrich-Heine-Platz in der Altstadt entlangflaniert, bemerkt eine akustische Ver\u00e4nderung:&hellip;\n","protected":false},"author":2,"featured_media":483275,"comment_status":"","ping_status":"","sticky":false,"template":"","format":"standard","meta":{"footnotes":"","_share_on_mastodon":"0"},"categories":[1831],"tags":[4453,5745,2461,122014,3364,29,24180,3405,30,5213,40099,27247,18214,122016,21713,1209,122015],"class_list":["post-483274","post","type-post","status-publish","format-standard","has-post-thumbnail","category-duesseldorf","tag-4453","tag-arbeiter","tag-baustelle","tag-carsch","tag-de","tag-deutschland","tag-dienstleister","tag-duesseldorf","tag-germany","tag-haus","tag-haustechnik","tag-heine","tag-heinrich","tag-kaufhauses","tag-kran","tag-nordrhein-westfalen","tag-zurueckgekehrt"],"share_on_mastodon":{"url":"https:\/\/pubeurope.com\/@de\/115340079519505900","error":""},"_links":{"self":[{"href":"https:\/\/www.europesays.com\/de\/wp-json\/wp\/v2\/posts\/483274","targetHints":{"allow":["GET"]}}],"collection":[{"href":"https:\/\/www.europesays.com\/de\/wp-json\/wp\/v2\/posts"}],"about":[{"href":"https:\/\/www.europesays.com\/de\/wp-json\/wp\/v2\/types\/post"}],"author":[{"embeddable":true,"href":"https:\/\/www.europesays.com\/de\/wp-json\/wp\/v2\/users\/2"}],"replies":[{"embeddable":true,"href":"https:\/\/www.europesays.com\/de\/wp-json\/wp\/v2\/comments?post=483274"}],"version-history":[{"count":0,"href":"https:\/\/www.europesays.com\/de\/wp-json\/wp\/v2\/posts\/483274\/revisions"}],"wp:featuredmedia":[{"embeddable":true,"href":"https:\/\/www.europesays.com\/de\/wp-json\/wp\/v2\/media\/483275"}],"wp:attachment":[{"href":"https:\/\/www.europesays.com\/de\/wp-json\/wp\/v2\/media?parent=483274"}],"wp:term":[{"taxonomy":"category","embeddable":true,"href":"https:\/\/www.europesays.com\/de\/wp-json\/wp\/v2\/categories?post=483274"},{"taxonomy":"post_tag","embeddable":true,"href":"https:\/\/www.europesays.com\/de\/wp-json\/wp\/v2\/tags?post=483274"}],"curies":[{"name":"wp","href":"https:\/\/api.w.org\/{rel}","templated":true}]}}