{"id":483297,"date":"2025-10-08T19:10:16","date_gmt":"2025-10-08T19:10:16","guid":{"rendered":"https:\/\/www.europesays.com\/de\/483297\/"},"modified":"2025-10-08T19:10:16","modified_gmt":"2025-10-08T19:10:16","slug":"zauber-der-nostalgie-in-fotos-und-memorabilia","status":"publish","type":"post","link":"https:\/\/www.europesays.com\/de\/483297\/","title":{"rendered":"Zauber der Nostalgie in Fotos und Memorabilia"},"content":{"rendered":"<p class=\"expressive-copy-lg-body\">\u201eHotel \u2013 Ort der Erinnerung\u201c hei\u00dft eine Ausstellung in einer brandneuen Galerie in Friedenau. Er\u00f6ffnet wird sie am Donnerstag von <a href=\"https:\/\/www.morgenpost.de\/bezirke\/im-westen-berlins\/article213815431\/Im-Little-Bogota-steckt-die-Seele-des-alten-Hotels.html\" data-category-full-path=\"\/bezirke\/im-westen-berlins\/\" data-paid-status=\"default\" data-article-publish-date=\"1478412911\" target=\"_blank\" rel=\"nofollow noopener\">Bogota-Hotel-Legende Joachim Rissmann<\/a> und seiner Lebensgef\u00e4hrtin Anne Zeppmeisel. Es ist ein kleiner Raum, in dem es allerdings viel Nostalgisches zu entdecken gibt. \u201eDie Andenkenkultur, die es einmal gab und die so ungew\u00f6hnliche Dinge hervorgebracht hat wie K\u00e4tzchen, die bei jedem Wetter die Farbe \u00e4ndern, hat sich ver\u00e4ndert\u201c, sagt er. \u201eH\u00e4ufig sind Bilder auf dem Handy das Einzige, was als Souvenir einer Reise \u00fcbrigbleibt.\u201c<\/p>\n<p>Fotos und andere Kostbarkeiten <\/p>\n<p>    <img decoding=\"async\" src=\"https:\/\/www.europesays.com\/de\/wp-content\/uploads\/2025\/10\/410179693_1759930363_v16_9_1200.jpeg\" class=\"block w-full object-cover relative z-10 aspect-[16\/9] md:aspect-[16\/9] lg:aspect-[16\/9] \" alt=\"Yva Abzug\" title=\"Joachim Rissmann zeigt eines seiner Originale der Fotografin Yva aus den 1920er Jahren. Es ist Teil der aktuellen Ausstellung \u201eHotel \u2013 Ort der Erinnerung\u201c.\" loading=\"lazy\"\/><\/p>\n<p>\n      Joachim Rissmann zeigt eines seiner Originale der Fotografin Yva aus den 1920er Jahren. Es ist Teil der aktuellen Ausstellung \u201eHotel \u2013 Ort der Erinnerung\u201c.<br \/>\n      \u00a9 BM | Iris May\n    <\/p>\n<p class=\"expressive-copy-lg-body\">Betritt man die Galerie \u201eVan Alom\u201c in Sch\u00f6neberg, wird man sofort in den Bann gezogen von den dortigen Exponaten: Zeitschriften aus den 1920\/1930er Jahren, Fotografien von Berliner Bekanntheiten wie Lars Eidinger, Rolf Eden oder Alexandra Maria Lara im Hotel Bogota. Einige wenige Originale der Fotografin Yva sind ebenfalls darunter. Und Kostbarkeiten, die Rissmann bei Antiquit\u00e4tenh\u00e4ndlern oder im Internet ersteigert hat. \u201eEs ist kein gewinnorientiertes Atelier\u201c, erkl\u00e4rt Rissmann. \u201eEher ein Projektraum. Hier kann man sich treffen.\u201c Kann man hier nichts kaufen? \u201eDoch. Wenn es sich ergibt, kann man einzelne Fotos auch kaufen. Aber das ist nicht der Fokus.\u201c<\/p>\n<p>  Rissmann: \u201eW\u00e4re auch in den 20ern Gastgeber gewesen\u201c <\/p>\n<p>    <img decoding=\"async\" src=\"https:\/\/www.europesays.com\/de\/wp-content\/uploads\/2025\/10\/410179743_1759930363_v16_9_1200.jpeg\" class=\"block w-full object-cover relative z-10 aspect-[16\/9] md:aspect-[16\/9] lg:aspect-[16\/9] \" alt=\"Rissmann Sammelbilder\" title=\"Marlene Dietrich und andere Film-Ikonen zum Sammeln: Joachim Rissmann mit Zigaretten-Bildern aus den 1930er Jahren.\" loading=\"lazy\"\/><\/p>\n<p>\n      Marlene Dietrich und andere Film-Ikonen zum Sammeln: Joachim Rissmann mit Zigaretten-Bildern aus den 1930er Jahren.<br \/>\n      \u00a9 BM | Iris May\n    <\/p>\n<p class=\"expressive-copy-lg-body\">Joachim Rissmann betrieb bis 2013 das nostalgische Kult-Hotel Bogota in der Schl\u00fcterstra\u00dfe, das f\u00fcr Besucher wie eine Zeitmaschine in die Weimarer Republik war. Drei Jahre sp\u00e4ter er\u00f6ffnete er eine <a href=\"https:\/\/www.morgenpost.de\/bezirke\/im-westen-berlins\/article213815431\/Im-Little-Bogota-steckt-die-Seele-des-alten-Hotels.html\" data-category-full-path=\"\/bezirke\/im-westen-berlins\/\" data-paid-status=\"default\" data-article-publish-date=\"1478412911\" target=\"_blank\" rel=\"nofollow noopener\">Pension, die er \u201eLittle Bogota\u201c<\/a> nannte. Auch in den 20er Jahren w\u00e4re Rissmann ein Hotelier oder Gastgeber geworden. \u201eSo wie Fr\u00e4ulein Schr\u00f6der im Musical Cabaret.\u201c <\/p>\n<p class=\"expressive-copy-lg-body\">Woher kommt bei Rissmann eigentlich die Faszination f\u00fcr die so genannten Goldenen Zwanziger und die 1930er Jahre in Berlin? \u201eDas liegt daran, dass Berlin f\u00fcr sehr kurze Zeit eine Art Bl\u00fctezeit erlebte\u201c, sagt der 62-J\u00e4hrige. \u201eBerlin brachte damals viele gro\u00dfe Schauspieler, Schriftsteller und die neue Frau hervor. Es gab verbotene Bars, eine bl\u00fchende Unterhaltungsindustrie und viel Zustrom aus der ganzen Welt. Die 20er waren den 90er Jahren der Wendezeit gar nicht so un\u00e4hnlich.\u201c<\/p>\n<p>    <img decoding=\"async\" src=\"https:\/\/www.europesays.com\/de\/wp-content\/uploads\/2025\/10\/410179504_1759930364_v16_9_1200.jpeg\" class=\"block w-full object-cover relative z-10 aspect-[16\/9] md:aspect-[16\/9] lg:aspect-[16\/9] \" alt=\"Newton im Yva Studio\" title=\"Exponat in der Hotel-Ausstellung: Der Fotograf Helmut Newton lie\u00df sich 2002 im \u201eHotel Bogota\u201c Berlin ablichten. Hier, im Yva-Atelier, lernte er 1936 sein Handwerk.\u00a0\" loading=\"lazy\"\/><\/p>\n<p>\n      Exponat in der Hotel-Ausstellung: Der Fotograf Helmut Newton lie\u00df sich 2002 im \u201eHotel Bogota\u201c Berlin ablichten. Hier, im Yva-Atelier, lernte er 1936 sein Handwerk.\u00a0<br \/>\n      \u00a9 BM | Joachim Rissmann\n    <\/p>\n<p class=\"expressive-copy-lg-body\">Und jetzt? \u201eJetzt ist Berlin anders\u201c, sagt Rissmann. \u201eDas Kreative wird verdr\u00e4ngt. Viele K\u00fcnstler gehen beispielsweise nach Krakau. Menschen kaufen ganze Etagen, sind aber nicht sch\u00f6pferisch.\u201c<\/p>\n<p class=\"expressive-copy-lg-body\">\u201eHotel \u2013 Ort der Erinnerung\u201c in der Galerie \u201eVan Alom\u201c, S\u00fcdwestkorso 65, 12161 Berlin-Friedenau, Vernissage: 9. Oktober, 18 Uhr, Regul\u00e4re \u00d6ffnungszeiten ab 13. Oktober: Montag und Mittwoch, 14 bis 19 Uhr und Samstag 12 bis 18 Uhr<\/p>\n","protected":false},"excerpt":{"rendered":"\u201eHotel \u2013 Ort der Erinnerung\u201c hei\u00dft eine Ausstellung in einer brandneuen Galerie in Friedenau. Er\u00f6ffnet wird sie am&hellip;\n","protected":false},"author":2,"featured_media":483298,"comment_status":"","ping_status":"","sticky":false,"template":"","format":"standard","meta":{"footnotes":""},"categories":[1825],"tags":[1941,1939,296,1937,29,30,1940,1938],"class_list":{"0":"post-483297","1":"post","2":"type-post","3":"status-publish","4":"format-standard","5":"has-post-thumbnail","7":"category-berlin","8":"tag-aktuelle-nachrichten-aus-berlin","9":"tag-aktuelle-news-aus-berlin","10":"tag-berlin","11":"tag-berlin-news","12":"tag-deutschland","13":"tag-germany","14":"tag-nachrichten-aus-berlin","15":"tag-news-aus-berlin"},"share_on_mastodon":{"url":"https:\/\/pubeurope.com\/@de\/115340131158478418","error":""},"_links":{"self":[{"href":"https:\/\/www.europesays.com\/de\/wp-json\/wp\/v2\/posts\/483297","targetHints":{"allow":["GET"]}}],"collection":[{"href":"https:\/\/www.europesays.com\/de\/wp-json\/wp\/v2\/posts"}],"about":[{"href":"https:\/\/www.europesays.com\/de\/wp-json\/wp\/v2\/types\/post"}],"author":[{"embeddable":true,"href":"https:\/\/www.europesays.com\/de\/wp-json\/wp\/v2\/users\/2"}],"replies":[{"embeddable":true,"href":"https:\/\/www.europesays.com\/de\/wp-json\/wp\/v2\/comments?post=483297"}],"version-history":[{"count":0,"href":"https:\/\/www.europesays.com\/de\/wp-json\/wp\/v2\/posts\/483297\/revisions"}],"wp:featuredmedia":[{"embeddable":true,"href":"https:\/\/www.europesays.com\/de\/wp-json\/wp\/v2\/media\/483298"}],"wp:attachment":[{"href":"https:\/\/www.europesays.com\/de\/wp-json\/wp\/v2\/media?parent=483297"}],"wp:term":[{"taxonomy":"category","embeddable":true,"href":"https:\/\/www.europesays.com\/de\/wp-json\/wp\/v2\/categories?post=483297"},{"taxonomy":"post_tag","embeddable":true,"href":"https:\/\/www.europesays.com\/de\/wp-json\/wp\/v2\/tags?post=483297"}],"curies":[{"name":"wp","href":"https:\/\/api.w.org\/{rel}","templated":true}]}}