{"id":483364,"date":"2025-10-08T19:46:16","date_gmt":"2025-10-08T19:46:16","guid":{"rendered":"https:\/\/www.europesays.com\/de\/483364\/"},"modified":"2025-10-08T19:46:16","modified_gmt":"2025-10-08T19:46:16","slug":"wir-moechten-trauer-aus-der-tabuzone-herausholen","status":"publish","type":"post","link":"https:\/\/www.europesays.com\/de\/483364\/","title":{"rendered":"\u201eWir m\u00f6chten Trauer aus der Tabuzone herausholen\u201c"},"content":{"rendered":"<p class=\"text_ohne_einzug richtext text-em-55 !leading-serif mx-6 desktop:mx-0\">Und dann hielt sie meine Hand ganz fest. Minutenlang. Sie konnte nicht mehr sprechen, es fiel ihr schwer, die Augen zu \u00f6ffnen, doch mit ihrer W\u00e4rme, die meine Finger umspielte, zeigte sie noch einmal, wie viel Liebe in ihr war. Die Intensivstation wurde ihr letzter Ort. Der Ort, an dem sie vom irdischen Leben in ein anderes Leben wechseln w\u00fcrde. So war die Hoffnung. Vielleicht. Wir wissen es nicht. Fakt war nur der Monitor hinter ihr. Und der zeigte schlie\u00dflich keinen Puls mehr. Sie war gestorben. In diesem Moment. Und wir waren bei ihr. In einer Stille, die kaum auszuhalten war. Aber elementar. \u201eUnd ewig, ewig sind die wei\u00dfen Wolken\u201c, hei\u00dft es in einem Gedicht des Lyrikers Hans Bethge. Die Trauer hatte l\u00e4ngst begonnen. Und sie w\u00fcrde lange dauern. Wenn sie jemals verging.<\/p>\n","protected":false},"excerpt":{"rendered":"Und dann hielt sie meine Hand ganz fest. Minutenlang. Sie konnte nicht mehr sprechen, es fiel ihr schwer,&hellip;\n","protected":false},"author":2,"featured_media":483365,"comment_status":"","ping_status":"","sticky":false,"template":"","format":"standard","meta":{"footnotes":"","_share_on_mastodon":"0"},"categories":[1840],"tags":[6507,3364,29,122032,122033,30,122035,82227,101,1209,35957,122034,4448,122038,20686,103732,122037,48679,122036,3699,33067,4418],"class_list":["post-483364","post","type-post","status-publish","format-standard","has-post-thumbnail","category-wuppertal","tag-beginnt","tag-de","tag-deutschland","tag-einsam","tag-ewig","tag-germany","tag-herausholen","tag-heutigen","tag-lesung","tag-nordrhein-westfalen","tag-reihe","tag-tabuzone","tag-trauer","tag-trauercafes","tag-trauernde","tag-trauernden","tag-trauerprozess","tag-trauert","tag-uhling","tag-veranstaltung","tag-veranstaltungsreihe","tag-wuppertal"],"share_on_mastodon":{"url":"https:\/\/pubeurope.com\/@de\/115340272212472087","error":""},"_links":{"self":[{"href":"https:\/\/www.europesays.com\/de\/wp-json\/wp\/v2\/posts\/483364","targetHints":{"allow":["GET"]}}],"collection":[{"href":"https:\/\/www.europesays.com\/de\/wp-json\/wp\/v2\/posts"}],"about":[{"href":"https:\/\/www.europesays.com\/de\/wp-json\/wp\/v2\/types\/post"}],"author":[{"embeddable":true,"href":"https:\/\/www.europesays.com\/de\/wp-json\/wp\/v2\/users\/2"}],"replies":[{"embeddable":true,"href":"https:\/\/www.europesays.com\/de\/wp-json\/wp\/v2\/comments?post=483364"}],"version-history":[{"count":0,"href":"https:\/\/www.europesays.com\/de\/wp-json\/wp\/v2\/posts\/483364\/revisions"}],"wp:featuredmedia":[{"embeddable":true,"href":"https:\/\/www.europesays.com\/de\/wp-json\/wp\/v2\/media\/483365"}],"wp:attachment":[{"href":"https:\/\/www.europesays.com\/de\/wp-json\/wp\/v2\/media?parent=483364"}],"wp:term":[{"taxonomy":"category","embeddable":true,"href":"https:\/\/www.europesays.com\/de\/wp-json\/wp\/v2\/categories?post=483364"},{"taxonomy":"post_tag","embeddable":true,"href":"https:\/\/www.europesays.com\/de\/wp-json\/wp\/v2\/tags?post=483364"}],"curies":[{"name":"wp","href":"https:\/\/api.w.org\/{rel}","templated":true}]}}