{"id":483851,"date":"2025-10-09T00:19:21","date_gmt":"2025-10-09T00:19:21","guid":{"rendered":"https:\/\/www.europesays.com\/de\/483851\/"},"modified":"2025-10-09T00:19:21","modified_gmt":"2025-10-09T00:19:21","slug":"frauen-bundesliga-essen-feuert-teamchef-augustin-nach-08-gegen-wolfsburg","status":"publish","type":"post","link":"https:\/\/www.europesays.com\/de\/483851\/","title":{"rendered":"Frauen-Bundesliga: Essen feuert Teamchef Augustin nach 0:8 gegen Wolfsburg"},"content":{"rendered":"<p>Knall in der Frauen-Bundesliga <\/p>\n<p>Nach 0:8: Traditionsverein feuert Trainer und Sportdirektor<\/p>\n<p>Aktualisiert am 08.10.2025 &#8211; 19:01 UhrLesedauer: 1 Min.<\/p>\n<p><a href=\"#focus-0\" class=\"transition-colors duration-200 block text-current relative\" data-sctrack=\"FocusGalleryImage.Reference\"><img fetchpriority=\"high\" data-testid=\"Opener.Image\" style=\"--lqipURL:url('https:\/\/images.t-online.de\/2025\/10\/chotbUGgQwUS\/862x113:2121x1193\/fit-in\/150x0\/filters:blur(25)\/fussball-google-pixel-frauen-bundesliga-saison-2025-2026-4-spieltag-sgs-essen-1-fc-koeln-am-24-092025-im-stadion-an-der-hafenstrasse-in-essen-robert-augustin-teamchef-sgs-essen-dfb-regulations-prohibit-any-use-of-photographs-as-image-sequences-and-or-quasi-video-nordrhein-westfalen-deutschland-soccer-google-pixel-womens-bundesliga-season-2025-2026-4-matchday-sgs-essen-1-fc-koeln-on-24-09-2025-at-stadion-an-der-hafenstrasse-in-essen-robert-augustin-teamchef-sgs-essen-dfb-regulations-prohibit-any-us.jpg')\"   loading=\"eager\" src=\"https:\/\/www.europesays.com\/de\/wp-content\/uploads\/2025\/10\/fussball-google-pixel-frauen-bundesliga-saison-2025-2026-4-spieltag-sgs-essen-1-fc-koeln-am-24-09202.jpeg\" alt=\"imago images 1066940928\" title=\"imago images 1066940928\" width=\"2121\" height=\"1193\" class=\"bg-[url:var(--lqipURL)] bg-cover bg-center flex h-full w-full max-w-full\" decoding=\"async\"\/><img style=\"--width:32;--height:32\" loading=\"lazy\" src=\"https:\/\/www.t-online.de\/s\/paper\/_next\/static\/media\/zoom-in.f7dae02f.svg\" alt=\"Vergr\u00f6\u00dfern des Bildes\" title=\"Vergr\u00f6\u00dfern des Bildes\" class=\"block h-[calc(var(--height)_\/_16_*_1rem)] w-[calc(var(--width)_\/_16_*_1rem)] max-w-none absolute bottom-8 right-8 rounded-4 bg-snow p-8\" decoding=\"async\"\/><\/a><\/p>\n<p>Teamchef Robert Augustin wurde von seinen Aufgaben bei der SGS Essen entbunden. (Quelle: IMAGO\/Fotografie73\/imago)<\/p>\n<p class=\"font-bold text-18 leading-17\">Die SGS Essen reagiert wenige Tage nach der Demontage gegen den VfL Wolfsburg. Der Tabellenletzte der Bundesliga trennt sich von gleich zwei Verantwortlichen.<\/p>\n<p class=\"text-18 leading-17\">Nach einem entt\u00e4uschenden Auftakt in die neue Saison hat die SGS Essen personelle Konsequenzen gezogen. Wie der Bundesligist am Mittwoch mitteilte, trennen sich die Wege mit Teamchef Robert Augustin und dem Sportlichen Leiter Thomas Gerstner, der offiziell auch als Cheftrainer fungierte. Die Entscheidung sei das Ergebnis einer &#8222;ausf\u00fchrlichen Analyse der aktuellen Situation&#8220;, so der Verein.<\/p>\n<p class=\"text-18 leading-17\">\u00dcbergangsweise \u00fcbernimmt Co-Trainerin Jessica Wissmann die Verantwortung an der Seitenlinie. Die 34-J\u00e4hrige wird bereits am Freitag (18.30 Uhr\/MagentaSport) beim Ausw\u00e4rtsspiel in Leipzig das Team betreuen.<\/p>\n<p class=\"text-18 leading-17\">Essen hatte am vergangenen Samstag eine deutliche 0:8-Niederlage gegen den <a class=\"transition-colors duration-200 cursor-pointer text-inherit no-underline text-salemsfur md:hover:text-magenta md:hover:border-magenta md:focus:text-magenta border-current border-b border-solid break-words\" href=\"https:\/\/www.t-online.de\/themen\/vfl-wolfsburg\/\" data-sctrack=\"BodyAnchor\" target=\"_blank\" rel=\"noopener\">VfL Wolfsburg<\/a> kassiert. Nach f\u00fcnf Spieltagen steht der Klub mit nur einem Punkt am Tabellenende.<\/p>\n<p class=\"text-18 leading-17\">Augustin war seit dem Jahr 2023 als Co-Trainer <a class=\"transition-colors duration-200 cursor-pointer text-inherit no-underline text-salemsfur md:hover:text-magenta md:hover:border-magenta md:focus:text-magenta border-current border-b border-solid break-words\" href=\"https:\/\/www.t-online.de\/region\/essen\/\" data-sctrack=\"BodyAnchor\" target=\"_blank\" rel=\"noopener\">in Essen<\/a> t\u00e4tig und \u00fcbernahm zu Saisonbeginn die Rolle des Cheftrainers. Gerstner stie\u00df ebenfalls zur laufenden Spielzeit zur SGS und verantwortete seitdem den sportlichen Bereich.<\/p>\n","protected":false},"excerpt":{"rendered":"Knall in der Frauen-Bundesliga Nach 0:8: Traditionsverein feuert Trainer und Sportdirektor Aktualisiert am 08.10.2025 &#8211; 19:01 UhrLesedauer: 1&hellip;\n","protected":false},"author":2,"featured_media":483852,"comment_status":"","ping_status":"","sticky":false,"template":"","format":"standard","meta":{"footnotes":""},"categories":[1834],"tags":[722,454,3364,34334,29,3688,30,1209,22147,17489,102509,122115,37035,931],"class_list":{"0":"post-483851","1":"post","2":"type-post","3":"status-publish","4":"format-standard","5":"has-post-thumbnail","7":"category-essen","8":"tag-722","9":"tag-454","10":"tag-de","11":"tag-demontage","12":"tag-deutschland","13":"tag-essen","14":"tag-germany","15":"tag-nordrhein-westfalen","16":"tag-robert-augustin","17":"tag-sgs","18":"tag-tabellenletzte","19":"tag-thomas-gerstner","20":"tag-traditionsverein","21":"tag-vfl-wolfsburg"},"share_on_mastodon":{"url":"https:\/\/pubeurope.com\/@de\/115341346340693608","error":""},"_links":{"self":[{"href":"https:\/\/www.europesays.com\/de\/wp-json\/wp\/v2\/posts\/483851","targetHints":{"allow":["GET"]}}],"collection":[{"href":"https:\/\/www.europesays.com\/de\/wp-json\/wp\/v2\/posts"}],"about":[{"href":"https:\/\/www.europesays.com\/de\/wp-json\/wp\/v2\/types\/post"}],"author":[{"embeddable":true,"href":"https:\/\/www.europesays.com\/de\/wp-json\/wp\/v2\/users\/2"}],"replies":[{"embeddable":true,"href":"https:\/\/www.europesays.com\/de\/wp-json\/wp\/v2\/comments?post=483851"}],"version-history":[{"count":0,"href":"https:\/\/www.europesays.com\/de\/wp-json\/wp\/v2\/posts\/483851\/revisions"}],"wp:featuredmedia":[{"embeddable":true,"href":"https:\/\/www.europesays.com\/de\/wp-json\/wp\/v2\/media\/483852"}],"wp:attachment":[{"href":"https:\/\/www.europesays.com\/de\/wp-json\/wp\/v2\/media?parent=483851"}],"wp:term":[{"taxonomy":"category","embeddable":true,"href":"https:\/\/www.europesays.com\/de\/wp-json\/wp\/v2\/categories?post=483851"},{"taxonomy":"post_tag","embeddable":true,"href":"https:\/\/www.europesays.com\/de\/wp-json\/wp\/v2\/tags?post=483851"}],"curies":[{"name":"wp","href":"https:\/\/api.w.org\/{rel}","templated":true}]}}