{"id":483951,"date":"2025-10-09T01:12:19","date_gmt":"2025-10-09T01:12:19","guid":{"rendered":"https:\/\/www.europesays.com\/de\/483951\/"},"modified":"2025-10-09T01:12:19","modified_gmt":"2025-10-09T01:12:19","slug":"paths-through-my-garden-kunst-von-mark-sieczkarek-2","status":"publish","type":"post","link":"https:\/\/www.europesays.com\/de\/483951\/","title":{"rendered":"paths through my garden \u2013 Kunst von Mark Sieczkarek"},"content":{"rendered":"<p>Inmitten der Vorbereitung von \u201epaths through my garden \u2013 Kunst von Mark Sieczkarek\u201c ist aus der vielf\u00e4ltigen Werkschau auch ein schmerzhaftes Gedenken geworden: Die Organisatoren trauern um Mark Sieczkarek, einen wunderbaren Menschen, wertvollen Freund und einzigartigen K\u00fcnstler. Er ist am 8. September 2025 verstorben. Die Ausstellung und das gesamte Programm sind mit ihm konzipiert. Nun soll der Garten f\u00fcr ihn weiter wachsen, mit vielen Wegbegleiter*innen: Zwischen Tanz, Bildender Kunst, Kost\u00fcmen, Film, Performance, Installation, Upcycling, Musik und Gespr\u00e4chen.<\/p>\n<p>Die Werkschau beleuchtet erstmals umfassende Fragestellungen und wiederkehrende Motive des K\u00fcnstlers, seine k\u00fcnstlerische Forschung und Experimente, seine Weggef\u00e4hrten und Wirkungsfelder. Als Retrospektive ist sie mehr als eine Ausstellung \u2013 sie ist auch eine Begegnung mit dem Werk eines K\u00fcnstlers, das die Zukunft der performativen K\u00fcnste beeinflusst.<\/p>\n<p>Die \u00d6ffnungszeiten sind jeweils Freitag bis Sonntag, 15 bis 21 Uhr. Zudem laden ein vielseitiges Begleitprogramm mit Filmen, Performances und anschlie\u00dfenden Gespr\u00e4chen wie auch zwei Publikationen ein, das vielf\u00e4ltige Werk des K\u00fcnstlers zu erleben und zu erkunden.<\/p>\n<p>Seit vier Jahrzehnten ist Mark Sieczkarek faszinierend vielf\u00e4ltig aktiv. Dabei verwandelt er Materialien \u2013 von Bl\u00e4ttern und Bl\u00fcten bis hin zu scheinbar Nutzlosem, Weggeworfenem \u2013 in poetische Kunstwerke und l\u00e4sst so v\u00f6llig neue Welten entstehen. In der Werkschau kann ein K\u00fcnstler entdeckt werden, der Zur\u00fcckhaltung, virtuose Hingabe, Fantasie, die Liebe zu den Menschen, viel Humor und Skurriles in seiner Person und in seiner Kunst vereint. Seine erste gro\u00dfe Werkschau paths through my garden \u2013 Kunst von Mark Sieczkarek ist eine Reise durch k\u00fcnstlerische Welten, von intimen Skizzen und kraftvollen Bildern \u00fcber innovative Kost\u00fcm- und B\u00fchnenbilder bis hin zu bewegenden Filmen.\u00a0<\/p>\n<p>Mark Sieczkarek wurde 1962 in Schottland geboren und kam 1986 als T\u00e4nzer zum Tanztheater Pina Bausch nach Wuppertal und lebt seither dort. Er hat in den Urauff\u00fchrungen von Viktor und Ahnen von Pina Bausch wie auch in vielen Meisterwerken, so Arien, Kontakthof, Die sieben Tods\u00fcnden, Das Fr\u00fchlingsopfer, Auf dem Gebirge hat man ein Geschrei geh\u00f6rt und Nelken getanzt. In den Filmen Die Klage der Kaiserin und Ahnen ahnen in der Regie von Pina Bausch wirkte er mit. Dann ist er in seine eigene internationale Karriere als Choreograf und T\u00e4nzer gestartet. Seither war er national und international mit \u00fcber 50 eigenen Produktionen und in unterschiedlichen Kooperationen unterwegs, in Deutschland beispielsweise im tanzhaus NRW, Ringlokschuppen M\u00fclheim, Pumpenhaus M\u00fcnster, aber auch in Ghana, Brasilien, El Salvador und Costa Rica. Sein vielf\u00e4ltiges Werk, das au\u00dfer den Choreografien auch Kost\u00fcme, B\u00fchnenbilder, Zeichnungen, Fotografien und Filme umfasst, l\u00e4dt dazu ein, die Arbeit und Aura \u2013 einem \u00fcppigen Garten gleich \u2013 zu erkunden.\u00a0<\/p>\n<p>Den Auftakt macht die Vernissage am 9. Oktober um 18 Uhr mit Musik, Ansprachen und Performances von Julie Shanahan, Wigabriel Soto Eschebach, Jean Laurent Sasportes, Mihara Keizuke, dazu Musik von Roberto Graiff und RitalPop. Weitere H\u00f6hepunkte sind Filmabende in Kooperation mit der Pina Bausch Foundation und mit ihnen cinematische Zeitreisen durch Sieczkareks Bildwelten und seine bewegende T\u00e4nzergeschichte beim Tanztheater Wuppertal Pina Bausch: Am Freitag, 10. Oktober, ist um 16 Uhr der Film von Pina Bausch Die Klage der Kaiserin (1989) zu sehen, bei dem Mark Sieczkarek als T\u00e4nzer beteiligt war. Am Samstag, 11. Oktober, um 19 Uhr zeigt der Film Mark Sieczkarek Malou and Dominique (2020) seine au\u00dfergew\u00f6hnliche Arbeit voller \u00dcberraschungen mit den legend\u00e4ren Tanztheater-T\u00e4nzer*innen Malou Airaudo und Dominique Mercy. Das erste Werkschau Wochenende klingt am Sonntag, den 12. Oktober, um 18 Uhr mit dem Film AHNEN ahnen (1987\/2014) von Pina Bausch und einem anschlie\u00dfenden Gespr\u00e4ch aus.<\/p>\n<p>Am Samstag, 18. Oktober, um 19:30 Uhr und am Sonntag, 19. Oktober, um 17 Uhr l\u00e4dt die Tanzperformance von und mit den zwei T\u00e4nzerpers\u00f6nlichkeiten Cristiana Morganti und Emanuele Soavi zum Open Studio THIS IS A PREMIERE Unplugged ein, mit anschlie\u00dfendem LIVING ROOM, einem Publikumsgespr\u00e4ch.<\/p>\n<p>Alle Menschen von 6 bis 99 k\u00f6nnen am Samstag, 25. Oktober, von 11 bis 15 Uhr ihre kreative Seite in diesem einzigartigen Workshop entdecken, der Kost\u00fcmgestaltung und Bewegung in einer GARDEN PARTY miteinander verbindet. Unter der Leitung der Berliner Choreografin und Kost\u00fcmdesignerin Lee M\u00e9ir, Tr\u00e4gerin des Pina Bausch Fellowship und international auf renommierten Plattformen wie dem Radialsystem Berlin und Tanz im August pr\u00e4sent, erleben Sie einen inspirierenden Tag voller k\u00fcnstlerischer Begegnung und verk\u00f6rpertem Lernen.\u00a0<\/p>\n<p>Die Performance Plastic greift abends am 25. Oktober um 19 Uhr Szenen aus einer seiner Choreografien auf, die sich zwischen Umweltkrise und magischer Sch\u00f6nheit bewegen. Mit Kenji Takagi, Stsiapan Hurski, Anna Lisa Palmieri und Wigabriel Soto Eschebach kommen langj\u00e4hrige Tanzkolleg*innen Mark Sieczkareks f\u00fcr ein poetisches Spiel mit Materialien, K\u00f6rpern und Kl\u00e4ngen zusammen, begleitet von Live-Musik (Trompete: Karlo Wentzel, Percussion: Andr\u00e9 F\u00fcsser).<\/p>\n<p>Als Ausklang der Werkschau ist am Sonntag, 26. Oktober, um 18 Uhr der Film Streetwear (2025) in der Regie von Mark Sieczkarek zu sehen. In diesem kuriosen Tanzfilm wandelt sich Wuppertal zu einem pulsierenden Gesamtkunstwerk aus Bewegung, Mode und urbaner Poesie und erweckt mit 22 Performer*innen die Stadt zu neuem Leben.<\/p>\n","protected":false},"excerpt":{"rendered":"Inmitten der Vorbereitung von \u201epaths through my garden \u2013 Kunst von Mark Sieczkarek\u201c ist aus der vielf\u00e4ltigen Werkschau&hellip;\n","protected":false},"author":2,"featured_media":34761,"comment_status":"","ping_status":"","sticky":false,"template":"","format":"standard","meta":{"footnotes":""},"categories":[1840],"tags":[3364,29,30,1209,4418],"class_list":{"0":"post-483951","1":"post","2":"type-post","3":"status-publish","4":"format-standard","5":"has-post-thumbnail","7":"category-wuppertal","8":"tag-de","9":"tag-deutschland","10":"tag-germany","11":"tag-nordrhein-westfalen","12":"tag-wuppertal"},"share_on_mastodon":{"url":"https:\/\/pubeurope.com\/@de\/115341554073535143","error":""},"_links":{"self":[{"href":"https:\/\/www.europesays.com\/de\/wp-json\/wp\/v2\/posts\/483951","targetHints":{"allow":["GET"]}}],"collection":[{"href":"https:\/\/www.europesays.com\/de\/wp-json\/wp\/v2\/posts"}],"about":[{"href":"https:\/\/www.europesays.com\/de\/wp-json\/wp\/v2\/types\/post"}],"author":[{"embeddable":true,"href":"https:\/\/www.europesays.com\/de\/wp-json\/wp\/v2\/users\/2"}],"replies":[{"embeddable":true,"href":"https:\/\/www.europesays.com\/de\/wp-json\/wp\/v2\/comments?post=483951"}],"version-history":[{"count":0,"href":"https:\/\/www.europesays.com\/de\/wp-json\/wp\/v2\/posts\/483951\/revisions"}],"wp:featuredmedia":[{"embeddable":true,"href":"https:\/\/www.europesays.com\/de\/wp-json\/wp\/v2\/media\/34761"}],"wp:attachment":[{"href":"https:\/\/www.europesays.com\/de\/wp-json\/wp\/v2\/media?parent=483951"}],"wp:term":[{"taxonomy":"category","embeddable":true,"href":"https:\/\/www.europesays.com\/de\/wp-json\/wp\/v2\/categories?post=483951"},{"taxonomy":"post_tag","embeddable":true,"href":"https:\/\/www.europesays.com\/de\/wp-json\/wp\/v2\/tags?post=483951"}],"curies":[{"name":"wp","href":"https:\/\/api.w.org\/{rel}","templated":true}]}}