{"id":483990,"date":"2025-10-09T01:33:14","date_gmt":"2025-10-09T01:33:14","guid":{"rendered":"https:\/\/www.europesays.com\/de\/483990\/"},"modified":"2025-10-09T01:33:14","modified_gmt":"2025-10-09T01:33:14","slug":"lesung-mit-fikri-anil-altintas","status":"publish","type":"post","link":"https:\/\/www.europesays.com\/de\/483990\/","title":{"rendered":"Lesung mit Fikri Anil Altintas"},"content":{"rendered":"<p>Vom verzweifelten Wunsch, Liebe nachzuholen<\/p>\n<p class=\"emark\">Ein erwachsener Sohn verliert seine Mutter. In den Wochen vor ihrem Tod gibt der Alltag den Rhythmus vor: es wird gekocht, auf Krankenhausfluren gewartet, gehofft und getrauert. In den Alltag schleichen sich Geschichten, die, die immer erz\u00e4hlt wurden, und die, die dahinter durchschimmern. Was wei\u00df der Sohn, in Deutschland zu Hause, von der Jugend seiner Mutter in der T\u00fcrkei?<\/p>\n<p class=\"emark\">W\u00e4hrend Anil und seine Familie in der Gegenwart versuchen, zu begreifen, welchen Einfluss der nahende Tod ihrer Mutter auf sie hat, sucht M\u00fcr\u00fcvvet, die Frau, die seine Mutter einmal gewesen ist, im westt\u00fcrkischen Aydin 1973 nach Wegen ins Leben. Inmitten politischer Umst\u00fcrze gibt sie alles, um ihren Vater davon abzuhalten, sie nach Deutschland mitzunehmen. Sie f\u00fcrchtet um ihre Tr\u00e4ume, bis der Gedanke an Deutschland sie nicht mehr losl\u00e4sst.\u00a0Ein Roman \u00fcber einen Abschied aus der T\u00fcrkei und einen Neuanfang in Deutschland und \u00fcber die oft unertr\u00e4gliche Entfernung zu denen, die uns r\u00e4umlich am n\u00e4chsten sind.<\/p>\n<p class=\"emark\"><strong class=\"emark\">Tickets f\u00fcr die Lesung mit Fikri An\u0131l Alt\u0131nta\u015f in Hannover<\/strong> k\u00f6nnen auf der <a href=\"https:\/\/pavillon-hannover.reservix.de\/events\" target=\"_blank\" title=\"zur Website des Kulturzentrums Pavillon\" rel=\"nofollow noopener\">Internetseite des Kulturzentrums Pavillon<\/a> gekauft werden.<br \/>\u00a0<\/p>\n<p>                    <img decoding=\"async\" class=\"fullwidth image-zoomable\" src=\"https:\/\/www.europesays.com\/de\/wp-content\/uploads\/2025\/10\/a6bd97ed07db-Buchcover-Zwischen-uns-liegt-August-von-Fikri-Anil-Altintas_Copyright-CH-Beck-Verlag_Te.jpeg\" alt=\"Das Cover zum Buch \u201eZwischen uns liegt August\u201c von Fikri Anil Altintas\" data-copyright-text=\"Verlag C. H. Beck\" data-large-image=\"https:\/\/www.hannover.de\/var\/storage\/images\/_aliases\/full\/6\/5\/9\/7\/29647956-1-ger-DE\/a6bd97ed07db-Buchcover-Zwischen-uns-liegt-August-von-Fikri-Anil-Altintas_Copyright-CH-Beck-Verlag_Teaser_765x574px.jpg\" loading=\"lazy\"\/><\/p>\n<p>                            \u00a9                                 Verlag C. H. Beck<\/p>\n<p>Ist autobiografisch inspiriert: Zwischen uns liegt August<\/p>\n<p>\u00dcber den Autor\u00a0Fikri An\u0131l Alt\u0131nta\u015f<\/p>\n<p class=\"emark\">Fikri An\u0131l Alt\u0131nta\u015f wurde 1992 in Wetzlar geboren und lebt und arbeitet in Berlin. In seinen Texten besch\u00e4ftigt er sich mit M\u00e4nnlichkeiten, Antifeminismus und der (De)-Konstruktion von nicht-wei\u00dfen, muslimisch gelesenen M\u00e4nnlichkeiten in Deutschland. Er setzt sich als #HeForShe Botschafter von UN Women Germany daf\u00fcr ein, M\u00e4nner f\u00fcr Geschlechtergerechtigkeit zu sensibilisieren. 2022\/2023 konzipierte er gemeinsam mit seinem Vater die Diskurs-Performance BABA* am Schauspiel Hannover. Sein Deb\u00fctroman \u201eIm Morgen w\u00e4chst ein Birnbaum\u201c erschien 2023.<\/p>\n","protected":false},"excerpt":{"rendered":"Vom verzweifelten Wunsch, Liebe nachzuholen Ein erwachsener Sohn verliert seine Mutter. In den Wochen vor ihrem Tod gibt&hellip;\n","protected":false},"author":2,"featured_media":483991,"comment_status":"","ping_status":"","sticky":false,"template":"","format":"standard","meta":{"footnotes":""},"categories":[1836],"tags":[87719,3364,29,30,46,122154,122153,1411],"class_list":{"0":"post-483990","1":"post","2":"type-post","3":"status-publish","4":"format-standard","5":"has-post-thumbnail","7":"category-hannover","8":"tag-autorenlesung-hannover-2025","9":"tag-de","10":"tag-deutschland","11":"tag-germany","12":"tag-hannover","13":"tag-lesung-ueber-deutsch-tuerkische-identitaet-hannover-2025","14":"tag-lesung-ueber-migration-hannover-2025","15":"tag-niedersachsen"},"share_on_mastodon":{"url":"https:\/\/pubeurope.com\/@de\/115341637082807796","error":""},"_links":{"self":[{"href":"https:\/\/www.europesays.com\/de\/wp-json\/wp\/v2\/posts\/483990","targetHints":{"allow":["GET"]}}],"collection":[{"href":"https:\/\/www.europesays.com\/de\/wp-json\/wp\/v2\/posts"}],"about":[{"href":"https:\/\/www.europesays.com\/de\/wp-json\/wp\/v2\/types\/post"}],"author":[{"embeddable":true,"href":"https:\/\/www.europesays.com\/de\/wp-json\/wp\/v2\/users\/2"}],"replies":[{"embeddable":true,"href":"https:\/\/www.europesays.com\/de\/wp-json\/wp\/v2\/comments?post=483990"}],"version-history":[{"count":0,"href":"https:\/\/www.europesays.com\/de\/wp-json\/wp\/v2\/posts\/483990\/revisions"}],"wp:featuredmedia":[{"embeddable":true,"href":"https:\/\/www.europesays.com\/de\/wp-json\/wp\/v2\/media\/483991"}],"wp:attachment":[{"href":"https:\/\/www.europesays.com\/de\/wp-json\/wp\/v2\/media?parent=483990"}],"wp:term":[{"taxonomy":"category","embeddable":true,"href":"https:\/\/www.europesays.com\/de\/wp-json\/wp\/v2\/categories?post=483990"},{"taxonomy":"post_tag","embeddable":true,"href":"https:\/\/www.europesays.com\/de\/wp-json\/wp\/v2\/tags?post=483990"}],"curies":[{"name":"wp","href":"https:\/\/api.w.org\/{rel}","templated":true}]}}