{"id":483999,"date":"2025-10-09T01:38:29","date_gmt":"2025-10-09T01:38:29","guid":{"rendered":"https:\/\/www.europesays.com\/de\/483999\/"},"modified":"2025-10-09T01:38:29","modified_gmt":"2025-10-09T01:38:29","slug":"kellerbrand-in-essen-viel-rauch-und-verletzte","status":"publish","type":"post","link":"https:\/\/www.europesays.com\/de\/483999\/","title":{"rendered":"Kellerbrand in Essen &#8211; viel Rauch und Verletzte"},"content":{"rendered":"<p>Feuerwehr Essen l\u00f6scht brennendes Benzin<\/p>\n<p>Viel Rauch und mehrere Verletzte in Holsterhausen: Am Mittwochnachmittag (8. Oktober) wurde die Feuerwehr Essen gegen 14.30 Uhr zur Melanchthonstra\u00dfe\u00a0alarmiert. In dem Gemeindezentrum der Kirche hat es im Keller gebrannt. Der Grund f\u00fcr das Feuer war wohl brennendes Benzin.<\/p>\n<p>Die Pflegekr\u00e4fte aus dem Gemeindezentrum haben das Geb\u00e4ude schnell ger\u00e4umt. Zehn Menschen waren in den Geb\u00e4ude, als es angefangen hat, zu brennen. Trotzdem gibt es zwei Verletzte: Eine Person hat Rauch eingeatmet, eine andere hat Brandverletzungen, wollte das Feuer wohl selbst l\u00f6schen. Beide wurden ins Krankenhaus gebracht und werden behandelt. Gegen 15 Uhr war der Brand gel\u00f6scht und das Geb\u00e4ude und die anliegende Kirche mussten gel\u00fcftet werden. F\u00fcr den Einsatz wurde die Melanchthonstra\u00dfe\u00a0auf einem St\u00fcck gesperrt. Es staut sich am Nachmittag durch den Brand auch auf der Holsterhauser Stra\u00dfe. <\/p>\n<p>Mehr Nachrichten aus Essen<\/p>\n","protected":false},"excerpt":{"rendered":"Feuerwehr Essen l\u00f6scht brennendes Benzin Viel Rauch und mehrere Verletzte in Holsterhausen: Am Mittwochnachmittag (8. Oktober) wurde die&hellip;\n","protected":false},"author":2,"featured_media":484000,"comment_status":"","ping_status":"","sticky":false,"template":"","format":"standard","meta":{"footnotes":""},"categories":[1834],"tags":[3275,3364,29,588,3688,987,985,30,25118,1209],"class_list":{"0":"post-483999","1":"post","2":"type-post","3":"status-publish","4":"format-standard","5":"has-post-thumbnail","7":"category-essen","8":"tag-lokalnachrichten","9":"tag-de","10":"tag-deutschland","11":"tag-einsatz","12":"tag-essen","13":"tag-feuer","14":"tag-feuerwehr","15":"tag-germany","16":"tag-kellerbrand","17":"tag-nordrhein-westfalen"},"share_on_mastodon":{"url":"https:\/\/pubeurope.com\/@de\/115341656301760061","error":""},"_links":{"self":[{"href":"https:\/\/www.europesays.com\/de\/wp-json\/wp\/v2\/posts\/483999","targetHints":{"allow":["GET"]}}],"collection":[{"href":"https:\/\/www.europesays.com\/de\/wp-json\/wp\/v2\/posts"}],"about":[{"href":"https:\/\/www.europesays.com\/de\/wp-json\/wp\/v2\/types\/post"}],"author":[{"embeddable":true,"href":"https:\/\/www.europesays.com\/de\/wp-json\/wp\/v2\/users\/2"}],"replies":[{"embeddable":true,"href":"https:\/\/www.europesays.com\/de\/wp-json\/wp\/v2\/comments?post=483999"}],"version-history":[{"count":0,"href":"https:\/\/www.europesays.com\/de\/wp-json\/wp\/v2\/posts\/483999\/revisions"}],"wp:featuredmedia":[{"embeddable":true,"href":"https:\/\/www.europesays.com\/de\/wp-json\/wp\/v2\/media\/484000"}],"wp:attachment":[{"href":"https:\/\/www.europesays.com\/de\/wp-json\/wp\/v2\/media?parent=483999"}],"wp:term":[{"taxonomy":"category","embeddable":true,"href":"https:\/\/www.europesays.com\/de\/wp-json\/wp\/v2\/categories?post=483999"},{"taxonomy":"post_tag","embeddable":true,"href":"https:\/\/www.europesays.com\/de\/wp-json\/wp\/v2\/tags?post=483999"}],"curies":[{"name":"wp","href":"https:\/\/api.w.org\/{rel}","templated":true}]}}