{"id":484578,"date":"2025-10-09T06:54:10","date_gmt":"2025-10-09T06:54:10","guid":{"rendered":"https:\/\/www.europesays.com\/de\/484578\/"},"modified":"2025-10-09T06:54:10","modified_gmt":"2025-10-09T06:54:10","slug":"strassenarbeiten-busse-fahren-in-duisburg-rheinhausen-eine-umleitung","status":"publish","type":"post","link":"https:\/\/www.europesays.com\/de\/484578\/","title":{"rendered":"Stra\u00dfenarbeiten: Busse fahren in Duisburg-Rheinhausen eine Umleitung"},"content":{"rendered":"<p>\t\t\t\tHaltestelle:<\/p>\n<p>\t\t\t<strong class=\"news-detail--stop-value\"><\/p>\n<p>\t\t\t\t\tLindenallee,<\/p>\n<p>\t\t\t\t\tBehringstra\u00dfe,<\/p>\n<p>\t\t\t\t\tUhlandstra\u00dfe,<\/p>\n<p>\t\t\t\t\tRheinhausen Rathaus,<\/p>\n<p>\t\t\t\t\tStadtwerke<\/p>\n<p>\t\t\t<\/strong>\n\t\t<\/p>\n<p>\n\t\t\tVon Mittwoch, 15. Oktober, ab circa 15 Uhr, bis Freitag, 17. Oktober, Betriebsende, m\u00fcssen Busse der Linie 921 der Duisburger Verkehrsgesellschaft AG (DVG) in Duisburg-Rheinhausen eine Umleitung fahren. Grund hierf\u00fcr sind Stra\u00dfenarbeiten auf der Lindenallee, weshalb diese zwischen den Einm\u00fcndungen Friedrich-Ebert-Stra\u00dfe und H\u00f6lderlinstra\u00dfe voll gesperrt wird.\n\t\t<\/p>\n<p>In Fahrtrichtung Duisburg Hbf. fahren die Busse ab der Haltestelle \u201eBeguinenstra\u00dfe\u201c eine \u00f6rtliche Umleitung \u00fcber die Neue Krefelder Stra\u00dfe zur Haltestelle \u201eFriedrich-Ebert-Stra\u00dfe\u201c. Ab da gilt der normale Linienweg. Die Haltestellen \u201eRheinhausen Rathaus\u201c wird zur Haltestelle \u201eFriedrich-Ebert-Stra\u00dfe\u201c verlegt. Die Haltestelle \u201eStadtwerke\u201c wird zur Haltestelle \u201eBeguinenstra\u00dfe\u201c verlegt. Die Haltestellen \u201eLindenallee\u201c, \u201eBehringstra\u00dfe\u201c und \u201eUhlandstra\u00dfe\u201c entfallen.<\/p>\n<p><strong>In Gegenrichtung wird die Umleitung sinngem\u00e4\u00df gefahren.<\/strong><\/p>\n<p><strong>Betroffene Linie:<\/strong><br \/>921<\/p>\n<p><strong>Entfallende Haltestellen:<\/strong><br \/>\u201eLindenallee\u201c, \u201eBehringstra\u00dfe\u201c und \u201eUhlandstra\u00dfe\u201c<\/p>\n<p><strong>Verlegte Haltestellen:<\/strong><br \/>\u201eRheinhausen Rathaus\u201c und \u201eStadtwerke\u201c<\/p>\n","protected":false},"excerpt":{"rendered":"Haltestelle: Lindenallee, Behringstra\u00dfe, Uhlandstra\u00dfe, Rheinhausen Rathaus, Stadtwerke Von Mittwoch, 15. Oktober, ab circa 15 Uhr, bis Freitag, 17.&hellip;\n","protected":false},"author":2,"featured_media":332001,"comment_status":"","ping_status":"","sticky":false,"template":"","format":"standard","meta":{"footnotes":""},"categories":[1838],"tags":[122239,3364,29,3715,30,122238,1209,13246,29352,4073],"class_list":{"0":"post-484578","1":"post","2":"type-post","3":"status-publish","4":"format-standard","5":"has-post-thumbnail","7":"category-duisburg","8":"tag-122239","9":"tag-de","10":"tag-deutschland","11":"tag-duisburg","12":"tag-germany","13":"tag-lindenallee","14":"tag-nordrhein-westfalen","15":"tag-rheinhausen","16":"tag-strassenbauarbeiten","17":"tag-umleitung"},"share_on_mastodon":{"url":"https:\/\/pubeurope.com\/@de\/115342898973030821","error":""},"_links":{"self":[{"href":"https:\/\/www.europesays.com\/de\/wp-json\/wp\/v2\/posts\/484578","targetHints":{"allow":["GET"]}}],"collection":[{"href":"https:\/\/www.europesays.com\/de\/wp-json\/wp\/v2\/posts"}],"about":[{"href":"https:\/\/www.europesays.com\/de\/wp-json\/wp\/v2\/types\/post"}],"author":[{"embeddable":true,"href":"https:\/\/www.europesays.com\/de\/wp-json\/wp\/v2\/users\/2"}],"replies":[{"embeddable":true,"href":"https:\/\/www.europesays.com\/de\/wp-json\/wp\/v2\/comments?post=484578"}],"version-history":[{"count":0,"href":"https:\/\/www.europesays.com\/de\/wp-json\/wp\/v2\/posts\/484578\/revisions"}],"wp:featuredmedia":[{"embeddable":true,"href":"https:\/\/www.europesays.com\/de\/wp-json\/wp\/v2\/media\/332001"}],"wp:attachment":[{"href":"https:\/\/www.europesays.com\/de\/wp-json\/wp\/v2\/media?parent=484578"}],"wp:term":[{"taxonomy":"category","embeddable":true,"href":"https:\/\/www.europesays.com\/de\/wp-json\/wp\/v2\/categories?post=484578"},{"taxonomy":"post_tag","embeddable":true,"href":"https:\/\/www.europesays.com\/de\/wp-json\/wp\/v2\/tags?post=484578"}],"curies":[{"name":"wp","href":"https:\/\/api.w.org\/{rel}","templated":true}]}}