{"id":485676,"date":"2025-10-09T16:58:12","date_gmt":"2025-10-09T16:58:12","guid":{"rendered":"https:\/\/www.europesays.com\/de\/485676\/"},"modified":"2025-10-09T16:58:12","modified_gmt":"2025-10-09T16:58:12","slug":"ich-weiss-was-du-letzten-sommer-getan-hast-2025-4k-limited-steelbook-edition-4k-uhd-blu-ray","status":"publish","type":"post","link":"https:\/\/www.europesays.com\/de\/485676\/","title":{"rendered":"Ich weiss, was du letzten Sommer getan hast 2025 4K Limited Steelbook Edition 4K UHD Blu-ray"},"content":{"rendered":"<p>\t\t\t\t\t\t\tEnde der 1990er Jahre erlebte das Genre der Slasher-Filme ein neues Revival, f\u00fcr das vor allem Wes Cravens \u201eScream\u201c oder \u201eD\u00fcstere Legenden\u201c verantwortlich war. Daneben gab es mit \u201eIch weiss, was du letzten Sommer getan hast\u201c jedoch noch ein weiteres Werk, welches durchaus f\u00fcr Erfolge an den Kinokassen sorgen konnten. Wie bei den zuvor genannten, so sollten auch hier noch weitere Ableger folgen und den Film zu einem eigenen Franchise ausbauen. Nachdem man 2022 dann die \u201eScream\u201c-Reihe wiederbelebt, diese auch erneut wieder gut beim Publikum ankam, war es nat\u00fcrlich nur eine Frage der Zeit, bis auch die anderen Genre-Klassiker im neuen Gewand auf der gro\u00dfen Leinwand erscheinen sollten. Unter dem exakt gleichen Titel findet nun auch ein Reboot der \u201eIch weiss, was\u2026\u201c-Filmreihe den Weg in die Heimkinos und setzt dabei neben einer komplett neuen Gruppe von Highschool-Kids auch auf die Unterst\u00fctzung einiger Altstars des Franchise. SONY PICTURES HOME ENTERTAINMENT l\u00e4sst den Streifen \u00fcber seinen Vertriebspartner PLAION PICTURES sowohl auf Blu-ray als auch auf 4K Ultra HD-Fassung in den Handel bringen. Die Erstauflage der UHD-Variante erscheint dabei in einer Sonderedition im Steelbook-Format. Ob die Filmreihe w\u00fcrdig ins Hier und Jetzt transferiert wurde und wie sich die 4K-Scheibe in Sachen Bild und Ton schl\u00e4gt, kann dem nun folgenden Sichtungsbericht entnommen werden.\t\t\t\t\t\t<\/p>\n","protected":false},"excerpt":{"rendered":"Ende der 1990er Jahre erlebte das Genre der Slasher-Filme ein neues Revival, f\u00fcr das vor allem Wes Cravens&hellip;\n","protected":false},"author":2,"featured_media":485677,"comment_status":"","ping_status":"","sticky":false,"template":"","format":"standard","meta":{"footnotes":""},"categories":[1771],"tags":[1778,29,214,30,95,1777,215],"class_list":{"0":"post-485676","1":"post","2":"type-post","3":"status-publish","4":"format-standard","5":"has-post-thumbnail","7":"category-kino","8":"tag-cinema","9":"tag-deutschland","10":"tag-entertainment","11":"tag-germany","12":"tag-kino","13":"tag-movie","14":"tag-unterhaltung"},"share_on_mastodon":{"url":"https:\/\/pubeurope.com\/@de\/115345274194392547","error":""},"_links":{"self":[{"href":"https:\/\/www.europesays.com\/de\/wp-json\/wp\/v2\/posts\/485676","targetHints":{"allow":["GET"]}}],"collection":[{"href":"https:\/\/www.europesays.com\/de\/wp-json\/wp\/v2\/posts"}],"about":[{"href":"https:\/\/www.europesays.com\/de\/wp-json\/wp\/v2\/types\/post"}],"author":[{"embeddable":true,"href":"https:\/\/www.europesays.com\/de\/wp-json\/wp\/v2\/users\/2"}],"replies":[{"embeddable":true,"href":"https:\/\/www.europesays.com\/de\/wp-json\/wp\/v2\/comments?post=485676"}],"version-history":[{"count":0,"href":"https:\/\/www.europesays.com\/de\/wp-json\/wp\/v2\/posts\/485676\/revisions"}],"wp:featuredmedia":[{"embeddable":true,"href":"https:\/\/www.europesays.com\/de\/wp-json\/wp\/v2\/media\/485677"}],"wp:attachment":[{"href":"https:\/\/www.europesays.com\/de\/wp-json\/wp\/v2\/media?parent=485676"}],"wp:term":[{"taxonomy":"category","embeddable":true,"href":"https:\/\/www.europesays.com\/de\/wp-json\/wp\/v2\/categories?post=485676"},{"taxonomy":"post_tag","embeddable":true,"href":"https:\/\/www.europesays.com\/de\/wp-json\/wp\/v2\/tags?post=485676"}],"curies":[{"name":"wp","href":"https:\/\/api.w.org\/{rel}","templated":true}]}}