{"id":485788,"date":"2025-10-09T17:58:17","date_gmt":"2025-10-09T17:58:17","guid":{"rendered":"https:\/\/www.europesays.com\/de\/485788\/"},"modified":"2025-10-09T17:58:17","modified_gmt":"2025-10-09T17:58:17","slug":"duesseldorf-polizei-schiesst-in-duesseldorfer-zentrum-auf-mann-mit-waffe","status":"publish","type":"post","link":"https:\/\/www.europesays.com\/de\/485788\/","title":{"rendered":"D\u00fcsseldorf | Polizei schie\u00dft in D\u00fcsseldorfer Zentrum auf Mann mit Waffe"},"content":{"rendered":"<p>D\u00fcsseldorf (dpa) &#8211; Die Polizei hat in der D\u00fcsseldorfer Innenstadt auf einen Mann mit einer Waffe geschossen. Der Mann habe vor einem Schnellrestaurant an einer gro\u00dfen Einkaufsstra\u00dfe mit der Waffe herumgefuchtelt, teilte die Polizei mit. Zeugen h\u00e4tten deshalb gegen 15.28 Uhr den Notruf gew\u00e4hlt.\u00a0<\/p>\n<p>Als die ersten eintreffenden Beamten den Mann einige Meter weiter vor einem Kleidungs-Discounter stellten und ansprachen, habe er sich geweigert, die Waffe niederzulegen, woraufhin die Polizei schlie\u00dflich geschossen und den Mann getroffen habe. Ob es sich bei seiner Waffe um eine scharfe Pistole, eine Luftdruckwaffe oder eine t\u00e4uschend echt wirkende Attrappe handelt, sei noch unklar.\u00a0<\/p>\n<p>Der Verletzte sei vor Ort von einem Notarzt behandelt und ins Krankenhaus gebracht worden, sagte eine Polizeisprecherin. Der Mann werde dort intensivmedizinisch betreut und notoperiert, hie\u00df es. Ob er von einem oder mehreren Sch\u00fcssen getroffen wurde, war zun\u00e4chst unklar. Die Polizei sperrte die Stra\u00dfe \u00fcber einen l\u00e4ngeren Zeitraum weitr\u00e4umig ab.\u00a0<\/p>\n<p>Verletzter war k\u00fcrzlich in Psychiatrie<\/p>\n<p>Es handele sich bei dem Schwerverletzten um einen 40-J\u00e4hrigen, der erst k\u00fcrzlich in einer psychiatrischen Klinik in Behandlung war, hie\u00df es aus Polizeikreisen. Ob er dort entlassen wurde, oder nach einem Freigang nicht zur\u00fcckgekehrt war, sei noch unklar.<\/p>\n<p>Am Tatort zeugten verstreute Utensilien von einem Notarzteinsatz. Auch eine Pistole lag auf dem Boden, die der Polizeiwaffe Walther P99 \u00e4hnlich sieht, aber von dem 40-J\u00e4hrigen stammen soll. Weitere Verletzte gab es nicht. Die weiteren Ermittlungen wurden aus Neutralit\u00e4tsgr\u00fcnden vom Polizeipr\u00e4sidium Duisburg \u00fcbernommen.<\/p>\n","protected":false},"excerpt":{"rendered":"D\u00fcsseldorf (dpa) &#8211; Die Polizei hat in der D\u00fcsseldorfer Innenstadt auf einen Mann mit einer Waffe geschossen. Der&hellip;\n","protected":false},"author":2,"featured_media":485789,"comment_status":"","ping_status":"","sticky":false,"template":"","format":"standard","meta":{"footnotes":""},"categories":[1831],"tags":[3364,29,3405,30,1209,4338,121],"class_list":{"0":"post-485788","1":"post","2":"type-post","3":"status-publish","4":"format-standard","5":"has-post-thumbnail","7":"category-duesseldorf","8":"tag-de","9":"tag-deutschland","10":"tag-duesseldorf","11":"tag-germany","12":"tag-nordrhein-westfalen","13":"tag-notfall","14":"tag-polizei"},"share_on_mastodon":{"url":"https:\/\/pubeurope.com\/@de\/115345510070413706","error":""},"_links":{"self":[{"href":"https:\/\/www.europesays.com\/de\/wp-json\/wp\/v2\/posts\/485788","targetHints":{"allow":["GET"]}}],"collection":[{"href":"https:\/\/www.europesays.com\/de\/wp-json\/wp\/v2\/posts"}],"about":[{"href":"https:\/\/www.europesays.com\/de\/wp-json\/wp\/v2\/types\/post"}],"author":[{"embeddable":true,"href":"https:\/\/www.europesays.com\/de\/wp-json\/wp\/v2\/users\/2"}],"replies":[{"embeddable":true,"href":"https:\/\/www.europesays.com\/de\/wp-json\/wp\/v2\/comments?post=485788"}],"version-history":[{"count":0,"href":"https:\/\/www.europesays.com\/de\/wp-json\/wp\/v2\/posts\/485788\/revisions"}],"wp:featuredmedia":[{"embeddable":true,"href":"https:\/\/www.europesays.com\/de\/wp-json\/wp\/v2\/media\/485789"}],"wp:attachment":[{"href":"https:\/\/www.europesays.com\/de\/wp-json\/wp\/v2\/media?parent=485788"}],"wp:term":[{"taxonomy":"category","embeddable":true,"href":"https:\/\/www.europesays.com\/de\/wp-json\/wp\/v2\/categories?post=485788"},{"taxonomy":"post_tag","embeddable":true,"href":"https:\/\/www.europesays.com\/de\/wp-json\/wp\/v2\/tags?post=485788"}],"curies":[{"name":"wp","href":"https:\/\/api.w.org\/{rel}","templated":true}]}}