{"id":485971,"date":"2025-10-09T19:35:14","date_gmt":"2025-10-09T19:35:14","guid":{"rendered":"https:\/\/www.europesays.com\/de\/485971\/"},"modified":"2025-10-09T19:35:14","modified_gmt":"2025-10-09T19:35:14","slug":"schlagerstar-zeigt-sich-knutschend-mit-fussballer-raphael-wolf","status":"publish","type":"post","link":"https:\/\/www.europesays.com\/de\/485971\/","title":{"rendered":"Schlagerstar zeigt sich knutschend mit Fu\u00dfballer Raphael Wolf"},"content":{"rendered":"<p>Private Aufnahmen <\/p>\n<p>Schlagerstar Marie Reim zeigt sich knutschend mit Fu\u00dfballer<\/p>\n<p>09.10.2025 &#8211; 20:24 UhrLesedauer: 2 Min.<\/p>\n<p><a href=\"#focus-0\" class=\"transition-colors duration-200 block text-current relative\" data-sctrack=\"FocusGalleryImage.Reference\"><img fetchpriority=\"high\" data-testid=\"Opener.Image\" style=\"--lqipURL:url('https:\/\/images.t-online.de\/2024\/08\/1Hd2h2dvihXz\/165x22:2487x1399\/fit-in\/150x0\/filters:blur(25)\/marie-reim-die-saengerin-zeigt-sich-verliebt.jpg')\"   loading=\"eager\" src=\"https:\/\/www.europesays.com\/de\/wp-content\/uploads\/2025\/10\/marie-reim-die-saengerin-zeigt-sich-verliebt.jpg\" alt=\"Marie Reim: Die S\u00e4ngerin zeigt sich verliebt.\" title=\"Marie Reim: Die S\u00e4ngerin zeigt sich verliebt.\" width=\"2487\" height=\"1399\" class=\"bg-[url:var(--lqipURL)] bg-cover bg-center flex h-full w-full max-w-full\" decoding=\"async\"\/><img style=\"--width:32;--height:32\" loading=\"lazy\" src=\"https:\/\/www.t-online.de\/s\/paper\/_next\/static\/media\/zoom-in.f7dae02f.svg\" alt=\"Vergr\u00f6\u00dfern des Bildes\" title=\"Vergr\u00f6\u00dfern des Bildes\" class=\"block h-[calc(var(--height)_\/_16_*_1rem)] w-[calc(var(--width)_\/_16_*_1rem)] max-w-none absolute bottom-8 right-8 rounded-4 bg-snow p-8\" decoding=\"async\"\/><\/a><\/p>\n<p>Marie Reim: Die S\u00e4ngerin zeigt sich verliebt. (Quelle: IMAGO\/Ervin Monn)<\/p>\n<p class=\"font-bold text-18 leading-17\">Im Fr\u00fchjahr machte die S\u00e4ngerin ihre Beziehung mit Torwart Raphael Wolf publik. Nun gew\u00e4hrt Marie Reim ihren Fans einen Einblick in den P\u00e4rchenurlaub.<\/p>\n<p class=\"text-18 leading-17\">Ihre Eltern geh\u00f6ren zu den erfolgreichsten Schlagerstars Deutschlands, doch Marie Reim hat sich l\u00e4ngst selbst einen Namen im Musikbusiness gemacht. Mit gerade einmal zw\u00f6lf Jahren sang die Tochter von <a class=\"transition-colors duration-200 cursor-pointer text-inherit no-underline text-salemsfur md:hover:text-magenta md:hover:border-magenta md:focus:text-magenta border-current border-b border-solid break-words\" href=\"https:\/\/www.t-online.de\/themen\/michelle\/\" data-sctrack=\"BodyAnchor\" target=\"_blank\" rel=\"noopener\">Michelle<\/a> und <a class=\"transition-colors duration-200 cursor-pointer text-inherit no-underline text-salemsfur md:hover:text-magenta md:hover:border-magenta md:focus:text-magenta border-current border-b border-solid break-words\" href=\"https:\/\/www.t-online.de\/themen\/matthias-reim\/\" data-sctrack=\"BodyAnchor\" target=\"_blank\" rel=\"noopener\">Matthias Reim<\/a> bei <a class=\"transition-colors duration-200 cursor-pointer text-inherit no-underline text-salemsfur md:hover:text-magenta md:hover:border-magenta md:focus:text-magenta border-current border-b border-solid break-words\" href=\"https:\/\/www.t-online.de\/themen\/florian-silbereisen\/\" data-sctrack=\"BodyAnchor\" target=\"_blank\" rel=\"noopener\">Florian Silbereisen<\/a> auf der Fernsehb\u00fchne, mittlerweile ist sie Stammgast in seinen und \u00e4hnlichen Shows.<\/p>\n<p class=\"text-18 leading-17\">Nun verbrachten die beiden einen gemeinsamen Urlaub in Afrika, an dem die 25-J\u00e4hrige ihre Fans teilhaben lie\u00df. Auf ihrem Account postete Marie Reim zwei P\u00e4rchenfotos. Auf dem ersten haben sie und Raphael Wolf die K\u00f6pfe aneinandergelegt und blicken in die Kamera. Die andere Aufnahme, die Sie mit klicken auf den Pfeil rechts sehen k\u00f6nnen, zeigt einen innigen Kuss der beiden.<\/p>\n<p class=\"text-18 leading-17\">Die Fans der S\u00e4ngerin sind ganz begeistert von den privaten Schnappsch\u00fcssen. &#8222;Ein wundersch\u00f6nes Paar&#8220; oder &#8222;Ihr passt wirklich sehr gut zusammen und man merkt richtig, wie sehr ihr euch liebt&#8220; ist unter anderem in der Kommentarspalte zu lesen. Raphael Wolf lie\u00df ein rotes Herz-Emoji da.<\/p>\n<p class=\"text-18 leading-17\">Der ehemalige Fu\u00dfballprofi ist 37 Jahre alt. W\u00e4hrend seiner Karriere spielte er sowohl in Deutschland als auch in <a class=\"transition-colors duration-200 cursor-pointer text-inherit no-underline text-salemsfur md:hover:text-magenta md:hover:border-magenta md:focus:text-magenta border-current border-b border-solid break-words\" href=\"https:\/\/www.t-online.de\/themen\/oesterreich\/\" data-sctrack=\"BodyAnchor\" target=\"_blank\" rel=\"noopener\">\u00d6sterreich<\/a> und absolvierte insgesamt 152 Erstliga-Spiele. Im M\u00e4rz 2024 beendete er seine Profikarriere \u2013 aufgrund k\u00f6rperlicher Probleme.<\/p>\n<p class=\"text-18 leading-17\">Marie Reim ist die einzige gemeinsame Tochter von Michelle und Matthias Reim. Die beiden Schlagerstars waren in den Neunzigern ein Paar, von 1999 bis 2001 auch verheiratet. Michelle hat zwei weitere T\u00f6chter aus anderen Beziehungen, Matthias Reim ist siebenfacher Vater.<\/p>\n","protected":false},"excerpt":{"rendered":"Private Aufnahmen Schlagerstar Marie Reim zeigt sich knutschend mit Fu\u00dfballer 09.10.2025 &#8211; 20:24 UhrLesedauer: 2 Min. Marie Reim:&hellip;\n","protected":false},"author":2,"featured_media":485972,"comment_status":"","ping_status":"","sticky":false,"template":"","format":"standard","meta":{"footnotes":""},"categories":[1776],"tags":[4654,1801,29,214,17942,30,152,14418,18715,122458,1802,215],"class_list":{"0":"post-485971","1":"post","2":"type-post","3":"status-publish","4":"format-standard","5":"has-post-thumbnail","7":"category-prominente","8":"tag-wolf","9":"tag-celebrities","10":"tag-deutschland","11":"tag-entertainment","12":"tag-florian-silbereisen","13":"tag-germany","14":"tag-instagram","15":"tag-marie-reim","16":"tag-matthias-reim","17":"tag-paerchenurlaub","18":"tag-prominente","19":"tag-unterhaltung"},"share_on_mastodon":{"url":"https:\/\/pubeurope.com\/@de\/115345891853434348","error":""},"_links":{"self":[{"href":"https:\/\/www.europesays.com\/de\/wp-json\/wp\/v2\/posts\/485971","targetHints":{"allow":["GET"]}}],"collection":[{"href":"https:\/\/www.europesays.com\/de\/wp-json\/wp\/v2\/posts"}],"about":[{"href":"https:\/\/www.europesays.com\/de\/wp-json\/wp\/v2\/types\/post"}],"author":[{"embeddable":true,"href":"https:\/\/www.europesays.com\/de\/wp-json\/wp\/v2\/users\/2"}],"replies":[{"embeddable":true,"href":"https:\/\/www.europesays.com\/de\/wp-json\/wp\/v2\/comments?post=485971"}],"version-history":[{"count":0,"href":"https:\/\/www.europesays.com\/de\/wp-json\/wp\/v2\/posts\/485971\/revisions"}],"wp:featuredmedia":[{"embeddable":true,"href":"https:\/\/www.europesays.com\/de\/wp-json\/wp\/v2\/media\/485972"}],"wp:attachment":[{"href":"https:\/\/www.europesays.com\/de\/wp-json\/wp\/v2\/media?parent=485971"}],"wp:term":[{"taxonomy":"category","embeddable":true,"href":"https:\/\/www.europesays.com\/de\/wp-json\/wp\/v2\/categories?post=485971"},{"taxonomy":"post_tag","embeddable":true,"href":"https:\/\/www.europesays.com\/de\/wp-json\/wp\/v2\/tags?post=485971"}],"curies":[{"name":"wp","href":"https:\/\/api.w.org\/{rel}","templated":true}]}}