{"id":48608,"date":"2025-04-21T04:35:09","date_gmt":"2025-04-21T04:35:09","guid":{"rendered":"https:\/\/www.europesays.com\/de\/48608\/"},"modified":"2025-04-21T04:35:09","modified_gmt":"2025-04-21T04:35:09","slug":"boeblinger-fall-vor-dem-landgericht-stuttgart-mit-waffengewalt-mehr-als-30000-euro-gefordert","status":"publish","type":"post","link":"https:\/\/www.europesays.com\/de\/48608\/","title":{"rendered":"B\u00f6blinger Fall vor dem Landgericht Stuttgart: Mit Waffengewalt mehr als 30000 Euro gefordert?"},"content":{"rendered":"<p>\t\t\t\t\t\t\t\t\t\t\t\t\t\t\t\t\t\t\t\t\t\t\t\t\t\t\t\t      \t\t            \t\t             \t\t\t\t   \t\t\t\t\t   <img decoding=\"async\" id=\"article-image\" fetchpriority=\"high\" alt=\"B\u00f6blinger Fall vor dem Landgericht Stuttgart: Mit Waffengewalt mehr als 30000 Euro gefordert?\" title=\"B\u00f6blinger Fall vor dem Landgericht Stuttgart: Mit Waffengewalt mehr als 30000 Euro gefordert?\" src=\"https:\/\/www.europesays.com\/de\/wp-content\/uploads\/2025\/04\/media.media.5782c848-8a41-4e3c-8373-39a653c96485.16x9_700.jpg\" data-linkto=\"https:\/\/www.stuttgarter-nachrichten.de\/javascript:void(0);\"\/>\t\t\t\t\t\t\t\t\t\t\t\t\t\t\t\t\t\t\t\t\t\t\t\tDer Fall wird vor dem Stuttgarter Landgericht verhandelt.\u00a0Foto: dpa\/Marijan Murat\t\t\t<\/p>\n<p>Vor dem Landgericht Stuttgart m\u00fcssen sich zwei M\u00e4nner wegen r\u00e4uberischer Erpressung in B\u00f6blingen verantworten. Dabei war auch ein Messer im Spiel gewesen.<\/p>\n<p>Bereits zum zweiten Mal hat vor der 18. Gro\u00dfen Strafkammer des Stuttgarter Landgerichts ein Raubprozess gegen zwei 24 und 26 Jahre alte M\u00e4nner begonnen, nachdem sich beim ersten Anlauf herausgestellt hatte, dass der 24-J\u00e4hrige seit knapp zehn Jahren Drogen konsumiert und statt einer Gef\u00e4ngnisstrafe m\u00f6glicherweise auch die Unterbringung in einer Entziehungsanstalt in Betracht kommt. Daher hat die Kammer f\u00fcr diesen <a href=\"https:\/\/www.stuttgarter-nachrichten.de\/thema\/Prozess\" title=\"Prozess\" class=\"art_thema\" rel=\"nofollow noopener\" target=\"_blank\">Prozess<\/a> einen Gutachter eingeschaltet, der jedoch am ersten Verhandlungstag aus privaten Gr\u00fcnden kurzfristig absagen musste. Die Staatsanwaltschaft wirft den beiden Angeklagten r\u00e4uberische Erpressung und gef\u00e4hrliche <a href=\"https:\/\/www.stuttgarter-nachrichten.de\/thema\/K%C3%B6rperverletzung\" title=\"K\u00f6rperverletzung\" class=\"art_thema\" rel=\"nofollow noopener\" target=\"_blank\">K\u00f6rperverletzung<\/a> vor, dem 26-J\u00e4hrigen zudem noch Raub und Computerbetrug. <\/p>\n","protected":false},"excerpt":{"rendered":"Der Fall wird vor dem Stuttgarter Landgericht verhandelt.\u00a0Foto: dpa\/Marijan Murat Vor dem Landgericht Stuttgart m\u00fcssen sich zwei M\u00e4nner&hellip;\n","protected":false},"author":2,"featured_media":48609,"comment_status":"","ping_status":"","sticky":false,"template":"","format":"standard","meta":{"footnotes":"","_share_on_mastodon":"0"},"categories":[1830],"tags":[1634,23660,23662,3364,29,30,682,10536,1269,23661,1441],"class_list":["post-48608","post","type-post","status-publish","format-standard","has-post-thumbnail","category-stuttgart","tag-baden-wuerttemberg","tag-boeblingen","tag-computerbetrug","tag-de","tag-deutschland","tag-germany","tag-koerperverletzung","tag-landgericht-stuttgart","tag-prozess","tag-raeuberische-erpressung","tag-stuttgart"],"share_on_mastodon":{"url":"https:\/\/pubeurope.com\/@de\/114374097330527431","error":""},"_links":{"self":[{"href":"https:\/\/www.europesays.com\/de\/wp-json\/wp\/v2\/posts\/48608","targetHints":{"allow":["GET"]}}],"collection":[{"href":"https:\/\/www.europesays.com\/de\/wp-json\/wp\/v2\/posts"}],"about":[{"href":"https:\/\/www.europesays.com\/de\/wp-json\/wp\/v2\/types\/post"}],"author":[{"embeddable":true,"href":"https:\/\/www.europesays.com\/de\/wp-json\/wp\/v2\/users\/2"}],"replies":[{"embeddable":true,"href":"https:\/\/www.europesays.com\/de\/wp-json\/wp\/v2\/comments?post=48608"}],"version-history":[{"count":0,"href":"https:\/\/www.europesays.com\/de\/wp-json\/wp\/v2\/posts\/48608\/revisions"}],"wp:featuredmedia":[{"embeddable":true,"href":"https:\/\/www.europesays.com\/de\/wp-json\/wp\/v2\/media\/48609"}],"wp:attachment":[{"href":"https:\/\/www.europesays.com\/de\/wp-json\/wp\/v2\/media?parent=48608"}],"wp:term":[{"taxonomy":"category","embeddable":true,"href":"https:\/\/www.europesays.com\/de\/wp-json\/wp\/v2\/categories?post=48608"},{"taxonomy":"post_tag","embeddable":true,"href":"https:\/\/www.europesays.com\/de\/wp-json\/wp\/v2\/tags?post=48608"}],"curies":[{"name":"wp","href":"https:\/\/api.w.org\/{rel}","templated":true}]}}