{"id":486081,"date":"2025-10-09T20:33:11","date_gmt":"2025-10-09T20:33:11","guid":{"rendered":"https:\/\/www.europesays.com\/de\/486081\/"},"modified":"2025-10-09T20:33:11","modified_gmt":"2025-10-09T20:33:11","slug":"weihnachtsmarkt-essen-veranstalter-lueften-geheimnis-das-ist-alles-neu","status":"publish","type":"post","link":"https:\/\/www.europesays.com\/de\/486081\/","title":{"rendered":"Weihnachtsmarkt Essen: Veranstalter l\u00fcften Geheimnis \u2013 DAS ist alles neu"},"content":{"rendered":"\n<p>Es wird (gef\u00fchlt) jeden Tag k\u00e4lter und der Dezember r\u00fcckt immer n\u00e4her \u2013 doch bevor viele den Weihnachtsbaum aufstellen und der Weihnachtsmann an die T\u00fcre klopft, stehen erstmal die unterschiedlichen Weihnachtsm\u00e4rkte in NRW vor der T\u00fcr. Und schon am 14. November \u00f6ffnet der Markt in Essen seine Pforten.<\/p>\n<p>Doch schon jetzt l\u00fcften die Veranstalter gegen\u00fcber DER WESTEN ein gro\u00dfes Geheimnis: Es gibt zahlreiche neue St\u00e4nde auf dem Weihnachtsmarkt in Essen. HIER erf\u00e4hrst du welche.<\/p>\n<p> Weihnachtsmarkt 2025 in Essen: Neue Food-St\u00e4nde \u2013 Details gel\u00fcftet <\/p>\n<p>Ganze f\u00fcnf Wochen lang k\u00f6nnen sich die Tausenden Besucher des internationalen Weihnachtsmarkts in <a href=\"https:\/\/www.derwesten.de\/staedte\/essen\" target=\"_blank\" rel=\"noreferrer noopener\">Essen<\/a> auf weihnachtlichen Gl\u00fchwein-Zauber und allerlei Lichter freuen. Und schon jetzt laufen die Vorbereitungen auf Hochtouren \u2013 immerhin er\u00f6ffnet der beliebte Markt in NRW seine T\u00fcren schon ab dem 14. November. Dann gibt es bis zum 23. Dezember f\u00fcr die zahlreichen Besucher allerhand zu trinken und zu essen.<\/p>\n<p>++ <strong>Das k\u00f6nnte dich auch interessieren<\/strong>: <a href=\"https:\/\/www.derwesten.de\/staedte\/essen\/weihnachtsmarkt-essen-oktober-vorgluehen-gluehwein-id301851830.html\" target=\"_blank\" rel=\"noreferrer noopener\">Weihnachtsmarkt-Stimmung in Essen schon im Oktober \u2013 Steeler Veranstalter sorgen f\u00fcr \u00dcberraschung<\/a> ++<\/p>\n<p>Nat\u00fcrlich warten auf die Besucher des Weihnachtsmarkts in Essen zahlreiche Bratwurstbuden, Maronen und gebrannte Mandeln sowie zahlreiche S\u00fc\u00dfigkeitenst\u00e4nde. Doch damit nicht genug: Die Veranstalter haben gegen\u00fcber DER WESTEN verraten, dass es zahlreiche Neuheiten im Food-Bereich geben wird. So wird es unter anderem einen Stand geben, der Schafsk\u00e4se im Fladenbrot anbietet, sowie einen, an dem es ab dem 14. November Milchreis-Bowls zu kaufen gibt.<\/p>\n<p> Merch und Pr\u00e4sentk\u00f6rbe: Das ist in diesem Jahr neu <\/p>\n<p>Dazu gibt es einen neuen Marktstand mit niederl\u00e4ndischen Kokosmakronen und einen mit gef\u00fcllten Pizzabr\u00f6tchen. Au\u00dferdem d\u00fcrfen sich Fans der t\u00fcrkischen K\u00fcche in diesem Jahr auf Manti \u2013 gef\u00fcllte Teigtaschen \u2013 und Puf B\u00f6re\u011fi, ein luftiges, frittiertes Geb\u00e4ck, freuen. Doch damit nicht genug, denn nicht nur im Food-Bereich gibt es zahlreiche neue St\u00e4nde, sondern eben auch woanders. <\/p>\n<p>So wartet auf die Besucher ab diesem Jahr \u201eein Visit-Essen-Stand\u201c, wie die Veranstalter gegen\u00fcber DER WESTEN verraten. Genau dort werden Merchandise-Artikel und unterschiedliche Geschenkartikel mit Bezug auf Essen verkauft. Und es kommt noch besser: Wie exklusiv gegen\u00fcber dieser Redaktion offenbart wird, gibt es auf dem Weihnachtsmarkt in Essen ab diesem Jahr einen neuen Stand f\u00fcr \u201eDekoartikel und individuelle Pr\u00e4sentk\u00f6rbe\u201c.<\/p>\n<p>Mehr News aus Essen:<\/p>\n<p>Somit ist klar: Ob herzhaft oder s\u00fc\u00df \u2013 auf dem Essener Weihnachtsmarkt ist auch in diesem Jahr f\u00fcr jeden Geschmack etwas dabei. Also dick einpacken, den Duft von Zimt und Gl\u00fchwein einatmen und die sch\u00f6nste Zeit des Jahres in vollen Z\u00fcgen genie\u00dfen.<\/p>\n","protected":false},"excerpt":{"rendered":"Es wird (gef\u00fchlt) jeden Tag k\u00e4lter und der Dezember r\u00fcckt immer n\u00e4her \u2013 doch bevor viele den Weihnachtsbaum&hellip;\n","protected":false},"author":2,"featured_media":486082,"comment_status":"","ping_status":"","sticky":false,"template":"","format":"standard","meta":{"footnotes":""},"categories":[1834],"tags":[3364,29,3688,30,1209,122467],"class_list":{"0":"post-486081","1":"post","2":"type-post","3":"status-publish","4":"format-standard","5":"has-post-thumbnail","7":"category-essen","8":"tag-de","9":"tag-deutschland","10":"tag-essen","11":"tag-germany","12":"tag-nordrhein-westfalen","13":"tag-weihnachtsmaerkte-in-essen"},"share_on_mastodon":{"url":"https:\/\/pubeurope.com\/@de\/115346119376540456","error":""},"_links":{"self":[{"href":"https:\/\/www.europesays.com\/de\/wp-json\/wp\/v2\/posts\/486081","targetHints":{"allow":["GET"]}}],"collection":[{"href":"https:\/\/www.europesays.com\/de\/wp-json\/wp\/v2\/posts"}],"about":[{"href":"https:\/\/www.europesays.com\/de\/wp-json\/wp\/v2\/types\/post"}],"author":[{"embeddable":true,"href":"https:\/\/www.europesays.com\/de\/wp-json\/wp\/v2\/users\/2"}],"replies":[{"embeddable":true,"href":"https:\/\/www.europesays.com\/de\/wp-json\/wp\/v2\/comments?post=486081"}],"version-history":[{"count":0,"href":"https:\/\/www.europesays.com\/de\/wp-json\/wp\/v2\/posts\/486081\/revisions"}],"wp:featuredmedia":[{"embeddable":true,"href":"https:\/\/www.europesays.com\/de\/wp-json\/wp\/v2\/media\/486082"}],"wp:attachment":[{"href":"https:\/\/www.europesays.com\/de\/wp-json\/wp\/v2\/media?parent=486081"}],"wp:term":[{"taxonomy":"category","embeddable":true,"href":"https:\/\/www.europesays.com\/de\/wp-json\/wp\/v2\/categories?post=486081"},{"taxonomy":"post_tag","embeddable":true,"href":"https:\/\/www.europesays.com\/de\/wp-json\/wp\/v2\/tags?post=486081"}],"curies":[{"name":"wp","href":"https:\/\/api.w.org\/{rel}","templated":true}]}}