{"id":486421,"date":"2025-10-09T23:39:12","date_gmt":"2025-10-09T23:39:12","guid":{"rendered":"https:\/\/www.europesays.com\/de\/486421\/"},"modified":"2025-10-09T23:39:12","modified_gmt":"2025-10-09T23:39:12","slug":"zdf-gibt-nun-ersatzprogramm-bekannt","status":"publish","type":"post","link":"https:\/\/www.europesays.com\/de\/486421\/","title":{"rendered":"ZDF gibt nun Ersatzprogramm bekannt"},"content":{"rendered":"<p>Sch\u00f6ne Bescherung <\/p>\n<p>ZDF gibt Ersatz f\u00fcr Helene Fischer bekannt<\/p>\n<p>Aktualisiert am 08.10.2025Lesedauer: 2 Min.<\/p>\n<p><a href=\"#focus-0\" class=\"transition-colors duration-200 block text-current relative\" data-sctrack=\"FocusGalleryImage.Reference\"><img fetchpriority=\"high\" data-testid=\"Opener.Image\" style=\"--lqipURL:url('https:\/\/images.t-online.de\/2025\/04\/RIonnGiEV86m\/614x131:3134x1763\/fit-in\/150x0\/filters:blur(25)\/helene-fischer-die-saengerin-hat-zwei-toechter.jpg')\"   loading=\"eager\" src=\"https:\/\/www.europesays.com\/de\/wp-content\/uploads\/2025\/10\/helene-fischer-die-saengerin-hat-zwei-toechter.jpg\" alt=\"Helene Fischer: Die S\u00e4ngerin hat zwei T\u00f6chter.\" title=\"Helene Fischer: Die S\u00e4ngerin hat zwei T\u00f6chter.\" width=\"3134\" height=\"1763\" class=\"bg-[url:var(--lqipURL)] bg-cover bg-center flex h-full w-full max-w-full\" decoding=\"async\"\/><img style=\"--width:32;--height:32\" loading=\"lazy\" src=\"https:\/\/www.t-online.de\/s\/paper\/_next\/static\/media\/zoom-in.f7dae02f.svg\" alt=\"Vergr\u00f6\u00dfern des Bildes\" title=\"Vergr\u00f6\u00dfern des Bildes\" class=\"block h-[calc(var(--height)_\/_16_*_1rem)] w-[calc(var(--width)_\/_16_*_1rem)] max-w-none absolute bottom-8 right-8 rounded-4 bg-snow p-8\" decoding=\"async\"\/><\/a><\/p>\n<p>Helene Fischer: Die S\u00e4ngerin hat zwei T\u00f6chter und muss aus famili\u00e4ren Gr\u00fcnden beruflich k\u00fcrzertreten. (Quelle: IMAGO\/Christian Schroedter)<\/p>\n<p class=\"font-bold text-18 leading-17\"><strong class=\"font-bold\">Nach dem Aus der &#8222;Helene Fischer Show&#8220; f\u00fcr 2025 musste das ZDF die Festtagsplanung neu justieren. Nun steht fest, womit der Sendeplatz gef\u00fcllt wird.<\/strong><\/p>\n<p class=\"text-18 leading-17\">Seit August ist bekannt, dass die Weihnachtsshow von <a class=\"transition-colors duration-200 cursor-pointer text-inherit no-underline text-salemsfur md:hover:text-magenta md:hover:border-magenta md:focus:text-magenta border-current border-b border-solid break-words\" href=\"https:\/\/www.t-online.de\/themen\/helene-fischer\/\" data-sctrack=\"BodyAnchor\" rel=\"nofollow noopener\" target=\"_blank\">Helene Fischer<\/a> dieses Jahr im Programm des <a class=\"transition-colors duration-200 cursor-pointer text-inherit no-underline text-salemsfur md:hover:text-magenta md:hover:border-magenta md:focus:text-magenta border-current border-b border-solid break-words\" href=\"https:\/\/www.t-online.de\/themen\/zdf\/\" data-sctrack=\"BodyAnchor\" rel=\"nofollow noopener\" target=\"_blank\">ZDF<\/a> fehlen wird. Das hat famili\u00e4re Gr\u00fcnde: Die S\u00e4ngerin befindet sich nach der Geburt ihres zweiten Kindes in einer Babypause.<\/p>\n<p class=\"text-18 leading-17\">Jetzt hat der Sender bekannt gegeben, welches Format am 25. Dezember die Primetime \u00fcbernimmt: Um 20.15 Uhr l\u00e4uft der 90-min\u00fctige Fernsehfilm &#8222;Weihnachten im Olymp&#8220;. Die romantische Kom\u00f6die feiert an diesem Abend ihre TV-Premiere und ersetzt damit die \u00fcblicherweise rund dreist\u00fcndige Show mit dem Popstar.<\/p>\n<p class=\"text-18 leading-17\">Inhaltlich dreht sich der Film um die Figur Lale, dargestellt von <a class=\"transition-colors duration-200 cursor-pointer text-inherit no-underline text-salemsfur md:hover:text-magenta md:hover:border-magenta md:focus:text-magenta border-current border-b border-solid break-words\" href=\"https:\/\/www.t-online.de\/themen\/mariele-millowitsch\/\" data-sctrack=\"BodyAnchor\" rel=\"nofollow noopener\" target=\"_blank\">Mariele Millowitsch<\/a>, die an Heiligabend durch ihr verlassenes Kaufhaus Olymp streift. Die Erinnerung f\u00fchrt sie 40 Jahre zur\u00fcck \u2013 zu einer Nacht, in der sie sich gemeinsam mit ihrer gro\u00dfen Liebe Hans, gespielt von Joachim Kr\u00f3l, im Kaufhaus einschloss. W\u00e4hrend die Figur privat keinen Platz mehr f\u00fcr eine Beziehung sieht, wird sie durch ein unerwartetes Wiedersehen mit Hans \u00fcberrascht. Doch das ehemalige Paar bleibt nicht allein im festlich verlassenen Geb\u00e4ude \u2013 auch andere Menschen stranden dort \u00fcber die Feiertage.<\/p>\n<p class=\"text-18 leading-17\">Bereits ab dem 15. November wird &#8222;Weihnachten im Olymp&#8220; \u00fcber die ZDF-Mediathek zur Verf\u00fcgung gestellt, am 25. Dezember feiert der Film dann seine Free-TV-Premiere.<\/p>\n<p class=\"text-18 leading-17\">Die &#8222;Helene Fischer Show&#8220; hatte seit ihrem Start im Jahr 2011 einen festen Platz im Weihnachtsprogramm des \u00f6ffentlich-rechtlichen Rundfunks. Nach zwei Ausgaben in der <a class=\"transition-colors duration-200 cursor-pointer text-inherit no-underline text-salemsfur md:hover:text-magenta md:hover:border-magenta md:focus:text-magenta border-current border-b border-solid break-words\" href=\"https:\/\/www.t-online.de\/themen\/ard\/\" data-sctrack=\"BodyAnchor\" rel=\"nofollow noopener\" target=\"_blank\">ARD<\/a> \u00fcbernahm 2013 das ZDF und sendete die Gala seither allj\u00e4hrlich am 25. Dezember. In den Jahren 2021 und 2022 pausierte das Format pandemiebedingt; 2020 wurde lediglich eine Best-of-Sendung ausgestrahlt. 2023 kehrte die Show auf den Bildschirm zur\u00fcck \u2013 nun folgt erneut eine Unterbrechung.<\/p>\n","protected":false},"excerpt":{"rendered":"Sch\u00f6ne Bescherung ZDF gibt Ersatz f\u00fcr Helene Fischer bekannt Aktualisiert am 08.10.2025Lesedauer: 2 Min. Helene Fischer: Die S\u00e4ngerin&hellip;\n","protected":false},"author":2,"featured_media":486422,"comment_status":"","ping_status":"","sticky":false,"template":"","format":"standard","meta":{"footnotes":"","_share_on_mastodon":"0"},"categories":[1776],"tags":[522,122534,1801,29,214,122535,30,24608,122537,122536,43044,1802,117218,215,12289,1448],"class_list":["post-486421","post","type-post","status-publish","format-standard","has-post-thumbnail","category-prominente","tag-522","tag-bescherung","tag-celebrities","tag-deutschland","tag-entertainment","tag-festtagsplanung","tag-germany","tag-helene-fischer","tag-joachim-krol","tag-mariele-millowitsch","tag-olymp","tag-prominente","tag-sendeplatz","tag-unterhaltung","tag-weihnachten","tag-zdf"],"share_on_mastodon":{"url":"https:\/\/pubeurope.com\/@de\/115346851411900429","error":""},"_links":{"self":[{"href":"https:\/\/www.europesays.com\/de\/wp-json\/wp\/v2\/posts\/486421","targetHints":{"allow":["GET"]}}],"collection":[{"href":"https:\/\/www.europesays.com\/de\/wp-json\/wp\/v2\/posts"}],"about":[{"href":"https:\/\/www.europesays.com\/de\/wp-json\/wp\/v2\/types\/post"}],"author":[{"embeddable":true,"href":"https:\/\/www.europesays.com\/de\/wp-json\/wp\/v2\/users\/2"}],"replies":[{"embeddable":true,"href":"https:\/\/www.europesays.com\/de\/wp-json\/wp\/v2\/comments?post=486421"}],"version-history":[{"count":0,"href":"https:\/\/www.europesays.com\/de\/wp-json\/wp\/v2\/posts\/486421\/revisions"}],"wp:featuredmedia":[{"embeddable":true,"href":"https:\/\/www.europesays.com\/de\/wp-json\/wp\/v2\/media\/486422"}],"wp:attachment":[{"href":"https:\/\/www.europesays.com\/de\/wp-json\/wp\/v2\/media?parent=486421"}],"wp:term":[{"taxonomy":"category","embeddable":true,"href":"https:\/\/www.europesays.com\/de\/wp-json\/wp\/v2\/categories?post=486421"},{"taxonomy":"post_tag","embeddable":true,"href":"https:\/\/www.europesays.com\/de\/wp-json\/wp\/v2\/tags?post=486421"}],"curies":[{"name":"wp","href":"https:\/\/api.w.org\/{rel}","templated":true}]}}