{"id":486425,"date":"2025-10-09T23:41:11","date_gmt":"2025-10-09T23:41:11","guid":{"rendered":"https:\/\/www.europesays.com\/de\/486425\/"},"modified":"2025-10-09T23:41:11","modified_gmt":"2025-10-09T23:41:11","slug":"donald-trump-und-das-fernsehen-james-poniewoziks-buch-alle-scheinwerfer-auf-mich-kultur","status":"publish","type":"post","link":"https:\/\/www.europesays.com\/de\/486425\/","title":{"rendered":"Donald Trump und das Fernsehen: James Poniewoziks Buch &#8222;Alle Scheinwerfer auf mich!&#8220; &#8211; Kultur"},"content":{"rendered":"<p class=\"css-c9fym5\" data-manual=\"teaserText\" data-schema-org-speakable=\"true\">James Poniewozik, der Fernsehkritiker der \u201e New York Times\u201c, zeigt eindrucksvoll, warum Donald Trump eine Serie ist, die man einfach nicht abschalten kann.<\/p>\n<p data-manual=\"author\" data-testid=\"byline\" class=\"css-1b049jz\">Von <a href=\"https:\/\/www.sueddeutsche.de\/autoren\/thore-rausch-li.3166090\" rel=\"nofollow noopener\" target=\"_blank\">Thore Rausch<\/a><\/p>\n<p data-manual=\"paragraph\" data-schema-org-speakable=\"true\" class=\"css-9njfp7\">Es gibt viele Anekdoten \u00fcber <a href=\"https:\/\/www.sueddeutsche.de\/thema\/Donald_Trump\" rel=\"nofollow noopener\" target=\"_blank\">Donald Trump<\/a>, manche sind unterhaltsam, einige schockierend, aber diese ist vielleicht die beste: An einem Samstagabend, im Mai dieses Jahres, l\u00e4uft in S\u00fcdflorida der Film \u201eFlucht von Alcatraz\u201c im <a href=\"https:\/\/www.sueddeutsche.de\/thema\/Fernsehen\" rel=\"nofollow noopener\" target=\"_blank\">Fernsehen<\/a>. Am Sonntag pr\u00e4sentiert US-Pr\u00e4sident Trump, w\u00e4hrend eines Aufenthalts in Mar-a-Lago, S\u00fcdflorida, der \u00d6ffentlichkeit seine geniale Idee, das Gef\u00e4ngnis wiederzuer\u00f6ffnen. Trump sieht also nicht nur sehr viel fern, sondern glaubt, die Wirklichkeit durch den Bildschirm zu sehen.\u00a0Wie die \u201eTruman Show\u201c, nur andersherum.<\/p>\n","protected":false},"excerpt":{"rendered":"James Poniewozik, der Fernsehkritiker der \u201e New York Times\u201c, zeigt eindrucksvoll, warum Donald Trump eine Serie ist, die&hellip;\n","protected":false},"author":2,"featured_media":486426,"comment_status":"","ping_status":"","sticky":false,"template":"","format":"standard","meta":{"footnotes":""},"categories":[1774],"tags":[147,1784,1785,29,106,214,441,30,80,93,2878,149,215,64],"class_list":{"0":"post-486425","1":"post","2":"type-post","3":"status-publish","4":"format-standard","5":"has-post-thumbnail","7":"category-buecher","8":"tag-ausland","9":"tag-books","10":"tag-buecher","11":"tag-deutschland","12":"tag-donald-trump","13":"tag-entertainment","14":"tag-fernsehen","15":"tag-germany","16":"tag-kultur","17":"tag-literatur","18":"tag-sachbuecher","19":"tag-sueddeutsche-zeitung","20":"tag-unterhaltung","21":"tag-usa"},"share_on_mastodon":{"url":"https:\/\/pubeurope.com\/@de\/115346858601115309","error":""},"_links":{"self":[{"href":"https:\/\/www.europesays.com\/de\/wp-json\/wp\/v2\/posts\/486425","targetHints":{"allow":["GET"]}}],"collection":[{"href":"https:\/\/www.europesays.com\/de\/wp-json\/wp\/v2\/posts"}],"about":[{"href":"https:\/\/www.europesays.com\/de\/wp-json\/wp\/v2\/types\/post"}],"author":[{"embeddable":true,"href":"https:\/\/www.europesays.com\/de\/wp-json\/wp\/v2\/users\/2"}],"replies":[{"embeddable":true,"href":"https:\/\/www.europesays.com\/de\/wp-json\/wp\/v2\/comments?post=486425"}],"version-history":[{"count":0,"href":"https:\/\/www.europesays.com\/de\/wp-json\/wp\/v2\/posts\/486425\/revisions"}],"wp:featuredmedia":[{"embeddable":true,"href":"https:\/\/www.europesays.com\/de\/wp-json\/wp\/v2\/media\/486426"}],"wp:attachment":[{"href":"https:\/\/www.europesays.com\/de\/wp-json\/wp\/v2\/media?parent=486425"}],"wp:term":[{"taxonomy":"category","embeddable":true,"href":"https:\/\/www.europesays.com\/de\/wp-json\/wp\/v2\/categories?post=486425"},{"taxonomy":"post_tag","embeddable":true,"href":"https:\/\/www.europesays.com\/de\/wp-json\/wp\/v2\/tags?post=486425"}],"curies":[{"name":"wp","href":"https:\/\/api.w.org\/{rel}","templated":true}]}}