{"id":487721,"date":"2025-10-10T11:42:13","date_gmt":"2025-10-10T11:42:13","guid":{"rendered":"https:\/\/www.europesays.com\/de\/487721\/"},"modified":"2025-10-10T11:42:13","modified_gmt":"2025-10-10T11:42:13","slug":"auf-parkplatz-in-hamburg-mann-wacht-in-brennendem-auto-auf-regional","status":"publish","type":"post","link":"https:\/\/www.europesays.com\/de\/487721\/","title":{"rendered":"Auf Parkplatz in Hamburg: Mann wacht in brennendem Auto auf | Regional"},"content":{"rendered":"<p>Hamburg \u2013 <b>Ein technischer Defekt kostete einen m\u00fcden Autofahrer in Hamburg beinahe das Leben.<\/b><\/p>\n<p>Der Mann (46) war am Abend in <a href=\"https:\/\/www.bild.de\/regional\/hamburg\/hamburg-regional\/home-16344102.bild.html\" class=\"text-link\" rel=\"nofollow noopener\" target=\"_blank\">Hamburg<\/a>-Allerm\u00f6he abgefahren, hatte einen Parkplatz am Moorfleeter Deich angesteuert. Laut Polizei habe er sich vor der Weiterfahrt kurz ausruhen wollen. Dabei schlief der Mann am Steuer ein \u2013 bis ihn Brandgeruch weckte! <\/p>\n<p><img decoding=\"async\" width=\"992\" height=\"558\" alt=\"Retter k\u00fcmmern sich auf dem Paerkplatz um den Fahrer des Feuer-Autos\" src=\"https:\/\/www.europesays.com\/de\/wp-content\/uploads\/2025\/10\/2c565e1faf37a2293f610ab76d1c7203,310b4d07\"   class=\"landscape\" loading=\"lazy\"\/><\/p>\n<p class=\"fig__caption__text\">Retter k\u00fcmmern sich auf dem Parkplatz um den Fahrer des Feuer-Autos<\/p>\n<p>Foto: HamburgNews<\/p>\n<p>Ein Polizeisprecher zu BILD: \u201eZum Gl\u00fcck wurde der Mann wach, konnte selbstst\u00e4ndig aussteigen.\u201c Eine vorbeifahrende Familie hielt an, k\u00fcmmerte sich um den benommenen Mann. Der alarmierte Notarzt brachte ihn wegen des Verdachts auf Rauchvergiftung in die Klinik.<\/p>\n<p>Mehr zum Thema<\/p>\n<p>Die <a href=\"https:\/\/www.bild.de\/themen\/organisationen\/feuerwehr\/politik-nachrichten-news-fotos-videos-20421624.bild.html\" class=\"text-link\" rel=\"nofollow noopener\" target=\"_blank\">Feuerwehr<\/a> l\u00f6schte den mittlerweile vollst\u00e4ndig brennenden \u00e4lteren Ford mit Schaum. <\/p>\n<p>Der Polizeisprecher: \u201eVermutlich aufgrund eines technischen Defekts war im Motorraum des Ford ein <a href=\"https:\/\/www.bild.de\/themen\/ereignisse\/braende-und-feuer-kcCBhSDxfE9cAkTeE6kA\" class=\"text-link\" rel=\"nofollow noopener\" target=\"_blank\">Feuer<\/a> ausgebrochen. Der Fahrer sagte aus, in den vergangenen Tagen immer mal Benzingeruch im Fahrzeug wahrgenommen zu haben.\u201c<\/p>\n","protected":false},"excerpt":{"rendered":"Hamburg \u2013 Ein technischer Defekt kostete einen m\u00fcden Autofahrer in Hamburg beinahe das Leben. Der Mann (46) war&hellip;\n","protected":false},"author":2,"featured_media":487722,"comment_status":"","ping_status":"","sticky":false,"template":"","format":"standard","meta":{"footnotes":""},"categories":[1826],"tags":[2919,29,985,30,692,121,45],"class_list":{"0":"post-487721","1":"post","2":"type-post","3":"status-publish","4":"format-standard","5":"has-post-thumbnail","7":"category-hamburg","8":"tag-brand","9":"tag-deutschland","10":"tag-feuerwehr","11":"tag-germany","12":"tag-hamburg","13":"tag-polizei","14":"tag-texttospeech"},"share_on_mastodon":{"url":"https:\/\/pubeurope.com\/@de\/115349693953739356","error":""},"_links":{"self":[{"href":"https:\/\/www.europesays.com\/de\/wp-json\/wp\/v2\/posts\/487721","targetHints":{"allow":["GET"]}}],"collection":[{"href":"https:\/\/www.europesays.com\/de\/wp-json\/wp\/v2\/posts"}],"about":[{"href":"https:\/\/www.europesays.com\/de\/wp-json\/wp\/v2\/types\/post"}],"author":[{"embeddable":true,"href":"https:\/\/www.europesays.com\/de\/wp-json\/wp\/v2\/users\/2"}],"replies":[{"embeddable":true,"href":"https:\/\/www.europesays.com\/de\/wp-json\/wp\/v2\/comments?post=487721"}],"version-history":[{"count":0,"href":"https:\/\/www.europesays.com\/de\/wp-json\/wp\/v2\/posts\/487721\/revisions"}],"wp:featuredmedia":[{"embeddable":true,"href":"https:\/\/www.europesays.com\/de\/wp-json\/wp\/v2\/media\/487722"}],"wp:attachment":[{"href":"https:\/\/www.europesays.com\/de\/wp-json\/wp\/v2\/media?parent=487721"}],"wp:term":[{"taxonomy":"category","embeddable":true,"href":"https:\/\/www.europesays.com\/de\/wp-json\/wp\/v2\/categories?post=487721"},{"taxonomy":"post_tag","embeddable":true,"href":"https:\/\/www.europesays.com\/de\/wp-json\/wp\/v2\/tags?post=487721"}],"curies":[{"name":"wp","href":"https:\/\/api.w.org\/{rel}","templated":true}]}}