{"id":487881,"date":"2025-10-10T13:09:13","date_gmt":"2025-10-10T13:09:13","guid":{"rendered":"https:\/\/www.europesays.com\/de\/487881\/"},"modified":"2025-10-10T13:09:13","modified_gmt":"2025-10-10T13:09:13","slug":"drei-maenner-bewerfen-gruppe-mit-steinen-verletzen-beamte-und-werden-festgenommen","status":"publish","type":"post","link":"https:\/\/www.europesays.com\/de\/487881\/","title":{"rendered":"Drei M\u00e4nner bewerfen Gruppe mit Steinen, verletzen Beamte und werden festgenommen"},"content":{"rendered":"<p class=\"tspB9m9 tspB9na\">In Kreuzberg hat eine Gruppe junger M\u00e4nner am Donnerstagabend eine Gruppe angegriffen, wenig sp\u00e4ter ist dabei ein Polizist verletzt worden. Wie die Berliner Polizei am Freitag mitteilte, soll es zun\u00e4chst am Erkelenzdamm zu einer Auseinandersetzung zwischen zwei Gruppen gekommen sein. <\/p>\n<p class=\"tspB9m9\">Dabei soll eine Gruppe die andere in Richtung Oranienplatz verfolgt und mit Steinen beworfen haben. Als Zivilbeamte die drei M\u00e4nner im Alter von 22, 25 und 26 Jahren festnehmen wollten, leistete der \u00c4lteste enormen Widerstand. <\/p>\n<p>Tagesspiegel Checkpoint: Berlins beliebtester Newsletter<\/p>\n<p><img decoding=\"async\" src=\"https:\/\/www.europesays.com\/de\/wp-content\/uploads\/2025\/04\/cp-icon.png\" alt=\"\" class=\"tspCUhl\"\/><\/p>\n<p class=\"tspCUpj\"> Der schnellste Berlin-\u00dcberblick von Montag bis Samstag. <\/p>\n<p> Polizei setzt nach Angriff gegen Beamten Taser ein <\/p>\n<p class=\"tspB9m9\">Er attackierte die Polizisten und verletzte mit seinen Schl\u00e4gen einen Beamten an der Hand, sodass er im Anschluss ambulant behandelt werden musste. Der 26-J\u00e4hrige wurde dann mit einem Taser gestoppt. <\/p>\n<p> Mehr aus Berlin: <a href=\"https:\/\/www.tagesspiegel.de\/berlin\/hamas-unterstutzer-uber-stunden-eingekesselt-warum-liess-berlins-polizei-100-teilnehmer-der-verbotenen-hass-demo-einfach-gehen-14507897.html?icid=topic-list_14532437___\" data-gtm-class=\"article-mzt-link\" class=\"tspCFno\" target=\"_blank\" rel=\"noopener\">Hamas-Unterst\u00fctzer \u00fcber Stunden eingekesselt Warum lie\u00df Berlins Polizei 100 Teilnehmer der verbotenen Hass-Demo einfach gehen? <\/a><a href=\"https:\/\/www.tagesspiegel.de\/berlin\/in-europa-nutzt-die-hamas-kriminelle-banden-mossad-brachte-deutsche-behorden-auf-spur-der-berliner-islamisten-14462444.html?icid=topic-list_14532437___\" data-gtm-class=\"article-mzt-link\" class=\"tspCFno\" target=\"_blank\" rel=\"noopener\">Hamas nutzt kriminelle Banden Mossad brachte deutsche Beh\u00f6rden auf Spur der Berliner Islamisten <\/a><a href=\"https:\/\/www.tagesspiegel.de\/berlin\/schoffe-von-einem-irren-angegriffen-wie-der-friedenspianist-der-querdenker-berlins-justiz-zum-narren-hielt-14374766.html?icid=topic-list_14532437___\" data-gtm-class=\"article-mzt-link\" class=\"tspCFno\" target=\"_blank\" rel=\"noopener\">\u201eSch\u00f6ffe von einem Irren angegriffen\u201c Wie der \u201eFriedenspianist\u201c der Querdenker Berlins Justiz zum Narren hielt <\/a><\/p>\n<p class=\"tspB9m9\">Nach Angaben eines Tatverd\u00e4chtigen wurden die M\u00e4nner von der anderen Gruppe \u00fcberfallen. Er gab an, unter Vorhalt eines Messers zur Herausgabe seines Handys gedr\u00e4ngt worden zu sein, hei\u00dft es in der Mitteilung der Polizei. Die drei M\u00e4nner wurden wenig sp\u00e4ter wieder entlassen. (Tsp)<\/p>\n","protected":false},"excerpt":{"rendered":"In Kreuzberg hat eine Gruppe junger M\u00e4nner am Donnerstagabend eine Gruppe angegriffen, wenig sp\u00e4ter ist dabei ein Polizist&hellip;\n","protected":false},"author":2,"featured_media":487882,"comment_status":"","ping_status":"","sticky":false,"template":"","format":"standard","meta":{"footnotes":""},"categories":[1825],"tags":[296,29,527,30,44031,121,4908],"class_list":{"0":"post-487881","1":"post","2":"type-post","3":"status-publish","4":"format-standard","5":"has-post-thumbnail","7":"category-berlin","8":"tag-berlin","9":"tag-deutschland","10":"tag-friedrichshain-kreuzberg","11":"tag-germany","12":"tag-oranienplatz","13":"tag-polizei","14":"tag-polizeieinsatz"},"share_on_mastodon":{"url":"https:\/\/pubeurope.com\/@de\/115350036025372154","error":""},"_links":{"self":[{"href":"https:\/\/www.europesays.com\/de\/wp-json\/wp\/v2\/posts\/487881","targetHints":{"allow":["GET"]}}],"collection":[{"href":"https:\/\/www.europesays.com\/de\/wp-json\/wp\/v2\/posts"}],"about":[{"href":"https:\/\/www.europesays.com\/de\/wp-json\/wp\/v2\/types\/post"}],"author":[{"embeddable":true,"href":"https:\/\/www.europesays.com\/de\/wp-json\/wp\/v2\/users\/2"}],"replies":[{"embeddable":true,"href":"https:\/\/www.europesays.com\/de\/wp-json\/wp\/v2\/comments?post=487881"}],"version-history":[{"count":0,"href":"https:\/\/www.europesays.com\/de\/wp-json\/wp\/v2\/posts\/487881\/revisions"}],"wp:featuredmedia":[{"embeddable":true,"href":"https:\/\/www.europesays.com\/de\/wp-json\/wp\/v2\/media\/487882"}],"wp:attachment":[{"href":"https:\/\/www.europesays.com\/de\/wp-json\/wp\/v2\/media?parent=487881"}],"wp:term":[{"taxonomy":"category","embeddable":true,"href":"https:\/\/www.europesays.com\/de\/wp-json\/wp\/v2\/categories?post=487881"},{"taxonomy":"post_tag","embeddable":true,"href":"https:\/\/www.europesays.com\/de\/wp-json\/wp\/v2\/tags?post=487881"}],"curies":[{"name":"wp","href":"https:\/\/api.w.org\/{rel}","templated":true}]}}