{"id":488021,"date":"2025-10-10T14:26:11","date_gmt":"2025-10-10T14:26:11","guid":{"rendered":"https:\/\/www.europesays.com\/de\/488021\/"},"modified":"2025-10-10T14:26:11","modified_gmt":"2025-10-10T14:26:11","slug":"berlin-brandenburg-hochwasserschutz-schwarze-elster-soll-mehr-platz-bekommen","status":"publish","type":"post","link":"https:\/\/www.europesays.com\/de\/488021\/","title":{"rendered":"Berlin &#038; Brandenburg: Hochwasserschutz: Schwarze Elster soll mehr Platz bekommen"},"content":{"rendered":"<p>                    Berlin &amp; Brandenburg<br \/>\n                Hochwasserschutz: Schwarze Elster soll mehr Platz bekommen<\/p>\n<p>\t\t\t\t              10.10.2025, 15:42 Uhr<\/p>\n<p><strong>Der Hochwasserschutz soll durch neue \u00dcberflutungsfl\u00e4chen und verlegte Deiche besser werden. Auch br\u00e4unlicher Eisenschlamm muss raus aus dem Fluss.<\/strong><\/p>\n<p>Plessa\/Bad Liebenwerda (dpa\/bb) &#8211; Die Schwarze Elster ist ein Sorgenkind unter den Fl\u00fcssen in Brandenburg. Das Umweltministerium will nun Verbesserungen beim Hochwasserschutz an dem stark ausgebauten und begradigten Fluss voranbringen.\u00a0<\/p>\n<p>Es m\u00fcssten mehr \u00dcberflutungsfl\u00e4chen entstehen, wie Ministerin Hanka Mittelst\u00e4dt (SPD) bei einem Informationsbesuch an der Schwarzen Elster sagte. Dazu soll ein Deich s\u00fcdlich von Bad Liebenwerda verlegt werden. Die Schwarze Elster gilt als einer der meist regulierten Fl\u00fcsse Deutschlands.\u00a0<\/p>\n<p>Mehr Raum f\u00fcr den Fluss<\/p>\n<p>Ziel ist es, dass der Fluss bei Hochwasser mehr Platz hat und angrenzende Ortschaften so besser gesch\u00fctzt sind. &#8222;Mit dieser Ma\u00dfnahme wird der Hochwasserschutz in der Region weiter verbessert, indem in daf\u00fcr vorgesehenen Bereichen kontrollierte Ausuferungen des Flusses zugelassen werden&#8220;, so Mittelst\u00e4dt laut einer Mitteilung.\u00a0<\/p>\n<p>Zudem muss weiterhin Eisenhydroxidschlamm \u2013 eine Folge des Braunkohleabbaus in der Lausitz \u2013 aus der Schwarzen Elster gebaggert werden, weil er den Abfluss behindert. Die Ma\u00dfnahmen laufen bereits seit Anfang 2025.\u00a0<\/p>\n<p>In der Vergangenheit hatte es entlang der Schwarzen Elster mehrfach Hochwasser gegeben. Dabei kam es auch zu Deich\u00fcberstr\u00f6mungen und -br\u00fcchen. Der Fluss entspringt im Lausitzer Bergland (Sachsen). Er flie\u00dft durch die brandenburgischen Landkreise Oberspreewald-Lausitz und Elbe-Elster und m\u00fcndet in Sachsen-Anhalt in die Elbe.<\/p>\n","protected":false},"excerpt":{"rendered":"Berlin &amp; Brandenburg Hochwasserschutz: Schwarze Elster soll mehr Platz bekommen 10.10.2025, 15:42 Uhr Der Hochwasserschutz soll durch neue&hellip;\n","protected":false},"author":2,"featured_media":488022,"comment_status":"","ping_status":"","sticky":false,"template":"","format":"standard","meta":{"footnotes":""},"categories":[1816],"tags":[17440,1960,1958,1959,1957,296,1956,1890,29,122848,30,28758,42390],"class_list":{"0":"post-488021","1":"post","2":"type-post","3":"status-publish","4":"format-standard","5":"has-post-thumbnail","7":"category-brandenburg","8":"tag-hochwasserschutz","9":"tag-aktuelle-nachrichten-aus-berlin-und-brandenburg","10":"tag-aktuelle-nachrichten-aus-brandenburg","11":"tag-aktuelle-news-aus-berlin-und-brandenburg","12":"tag-aktuelle-news-aus-brandenburg","13":"tag-berlin","14":"tag-berlin-und-brandenburg","15":"tag-brandenburg","16":"tag-deutschland","17":"tag-elster","18":"tag-germany","19":"tag-platz","20":"tag-schwarze"},"share_on_mastodon":{"url":"","error":""},"_links":{"self":[{"href":"https:\/\/www.europesays.com\/de\/wp-json\/wp\/v2\/posts\/488021","targetHints":{"allow":["GET"]}}],"collection":[{"href":"https:\/\/www.europesays.com\/de\/wp-json\/wp\/v2\/posts"}],"about":[{"href":"https:\/\/www.europesays.com\/de\/wp-json\/wp\/v2\/types\/post"}],"author":[{"embeddable":true,"href":"https:\/\/www.europesays.com\/de\/wp-json\/wp\/v2\/users\/2"}],"replies":[{"embeddable":true,"href":"https:\/\/www.europesays.com\/de\/wp-json\/wp\/v2\/comments?post=488021"}],"version-history":[{"count":0,"href":"https:\/\/www.europesays.com\/de\/wp-json\/wp\/v2\/posts\/488021\/revisions"}],"wp:featuredmedia":[{"embeddable":true,"href":"https:\/\/www.europesays.com\/de\/wp-json\/wp\/v2\/media\/488022"}],"wp:attachment":[{"href":"https:\/\/www.europesays.com\/de\/wp-json\/wp\/v2\/media?parent=488021"}],"wp:term":[{"taxonomy":"category","embeddable":true,"href":"https:\/\/www.europesays.com\/de\/wp-json\/wp\/v2\/categories?post=488021"},{"taxonomy":"post_tag","embeddable":true,"href":"https:\/\/www.europesays.com\/de\/wp-json\/wp\/v2\/tags?post=488021"}],"curies":[{"name":"wp","href":"https:\/\/api.w.org\/{rel}","templated":true}]}}