{"id":488348,"date":"2025-10-10T17:25:21","date_gmt":"2025-10-10T17:25:21","guid":{"rendered":"https:\/\/www.europesays.com\/de\/488348\/"},"modified":"2025-10-10T17:25:21","modified_gmt":"2025-10-10T17:25:21","slug":"dfb-u21-muss-auf-quarshie-und-pauli-verzichten-baum-angeschlagen","status":"publish","type":"post","link":"https:\/\/www.europesays.com\/de\/488348\/","title":{"rendered":"DFB: U21 muss auf Quarshie und Pauli verzichten \u2013 Baum angeschlagen"},"content":{"rendered":"<p>\n                                                                        10.10.2025 &#8211; 17:38<br \/>\n                                                    | Quelle: DFB |<br \/>\n                            Lesedauer: unter 1 Min.\n                                            <\/p>\n<p>In EM-Qualifikation\u00a0<\/p>\n<p>                                    <img decoding=\"async\" src=\"https:\/\/www.europesays.com\/de\/wp-content\/uploads\/2025\/10\/joshua-quarshie-southampton-fc-2025-26-1756462561-176116.jpg\" title=\"DFB: U21 muss auf Quarshie und Pauli verzichten \u2013 Baum angeschlagen\" alt=\"DFB: U21 muss auf Quarshie und Pauli verzichten \u2013 Baum angeschlagen\"\/><\/p>\n<p>\n                                       \u00a9IMAGO\n                                    <\/p>\n<p>Die <a title=\"Deutschland U21\" href=\"https:\/\/www.transfermarkt.de\/deutschland-u21\/startseite\/verein\/3817\" target=\"_blank\" rel=\"nofollow noopener\">deutsche U21-Nationalmannschaft<\/a> muss in der EM-Qualifikation gegen <a title=\"Griechenland U21\" href=\"https:\/\/www.transfermarkt.de\/griechenland-u21\/startseite\/verein\/9317\" target=\"_blank\" rel=\"nofollow noopener\">Griechenland<\/a> und in <a title=\"Nordirland U21\" href=\"https:\/\/www.transfermarkt.de\/nordirland-u21\/startseite\/verein\/17621\" target=\"_blank\" rel=\"nofollow noopener\">Nordirland<\/a> auf <a title=\"Joshua Quarshie\" href=\"https:\/\/www.transfermarkt.de\/joshua-quarshie\/profil\/spieler\/790918\" target=\"_blank\" rel=\"nofollow noopener\">Joshua Quarshie<\/a> und <a title=\"Julian Pauli\" href=\"https:\/\/www.transfermarkt.de\/julian-pauli\/profil\/spieler\/744558\" target=\"_blank\" rel=\"nofollow noopener\">Julian Pauli<\/a> verzichten. Die beiden Innenverteidiger stehen aufgrund von Oberschenkelverletzungen nicht mehr zur Verf\u00fcgung, wie der DFB bekanntgab. Leicht angeschlagen ist <a title=\"Elias Baum\" href=\"https:\/\/www.transfermarkt.de\/elias-baum\/profil\/spieler\/744857\" target=\"_blank\" rel=\"nofollow noopener\">Elias Baum<\/a>, der jedoch nur f\u00fcr das Duell gegen Griechenland ausf\u00e4llt.<\/p>\n<p><a href=\"https:\/\/www.transfermarkt.de\/vergleich\/spielervergleich\/statistik\/def\/spieler\/790918&amp;744558\" target=\"_blank\" class=\"spielervergleichLink\" rel=\"nofollow noopener\"><\/p>\n<p>Spielervergleich<\/p>\n<p>\n                Joshua Quarshie            <\/p>\n<p>                    <img decoding=\"async\" src=\"https:\/\/www.europesays.com\/de\/wp-content\/uploads\/2025\/10\/790918-1701245108.jpg\" title=\"Joshua Quarshie\" alt=\"Joshua Quarshie\" class=\"\"\/>                <\/p>\n<p>                    <img decoding=\"async\" src=\"https:\/\/www.europesays.com\/de\/wp-content\/uploads\/2025\/10\/180.png\"\/><\/p>\n<p>                <br class=\"clearer\"\/><\/p>\n<p>\n                Julian Pauli            <\/p>\n<p>                    <img decoding=\"async\" src=\"https:\/\/www.europesays.com\/de\/wp-content\/uploads\/2025\/10\/129.png\"\/><\/p>\n<p>                    <img decoding=\"async\" src=\"https:\/\/www.europesays.com\/de\/wp-content\/uploads\/2025\/10\/744558-1752743311.jpg\" title=\"Julian Pauli\" alt=\"Julian Pauli\" class=\"\"\/><br \/>\n                <br class=\"clearer\"\/><\/p>\n<p>\n                FC Southampton            <\/p>\n<p>\n                SG Dynamo Dresden            <\/p>\n<p>4,00 Mio. \u20ac<\/p>\n<p>Marktwert<\/p>\n<p>2,50 Mio. \u20ac<\/p>\n<p>        <br class=\"clearer\"\/><\/p>\n<p>21<\/p>\n<p>Alter<\/p>\n<p>20<\/p>\n<p>        <br class=\"clearer\"\/><\/p>\n<p>Innenverteidiger<\/p>\n<p>Position<\/p>\n<p>Innenverteidiger<\/p>\n<p>        <br class=\"clearer\"\/><\/p>\n<p>30.06.2029<\/p>\n<p>Vertrag bis<\/p>\n<p>30.06.2026<\/p>\n<p>\n            Zum kompletten Spielervergleich\n        <\/p>\n<p><\/a><\/p>\n<p>Zuvor hatten bereits <a title=\"Brajan Gruda\" href=\"https:\/\/www.transfermarkt.de\/brajan-gruda\/profil\/spieler\/700106\" rel=\"nofollow noopener\" target=\"_blank\">Brajan Gruda<\/a> und <a title=\"Nnamdi Collins\" href=\"https:\/\/www.transfermarkt.de\/nnamdi-collins\/profil\/spieler\/684315\" target=\"_blank\" rel=\"nofollow noopener\">Nnamdi Collins<\/a> passen m\u00fcssen. W\u00e4hrend Gruda wegen anhaltender Knieprobleme schon am Dienstag abreiste, besteht bei Collins eine Resthoffnung f\u00fcr die vier Tage sp\u00e4ter stattfindende Partien in Nordirland. Als Erg\u00e4nzung hatte Trainer <a title=\"Antonio Di Salvo\" href=\"https:\/\/www.transfermarkt.de\/antonio-di-salvo\/profil\/trainer\/23607\" target=\"_blank\" rel=\"nofollow noopener\">Antonio Di Salvo<\/a> deswegen bereits die Verteidiger Pauli von Dynamo Dresden, der nun aber wieder zu seinem Verein zur\u00fcckkehrt, sowie <a href=\"https:\/\/www.transfermarkt.de\/tim-drexler\/profil\/spieler\/822958\" rel=\"nofollow noopener\" target=\"_blank\">Tim Drexler<\/a> vom 1. FC N\u00fcrnberg nachnominiert.<\/p>\n<p><\/p>\n<p>Die Auswahl von Di Salvo war im September mit einem 5:0 gegen Lettland erfolgreich in die Qualifikation gestartet. Die n\u00e4chste U21-EM findet 2027 in Albanien und Serbien statt. In der Qualifikationsgruppe trifft die deutsche Mannschaft als Favorit zudem noch auf Georgien und Malta. F\u00fcr die Endrunde qualifizieren sich die neun Gruppensieger sowie der beste Gruppenzweite. Die acht verbleibenden Gruppenzweiten bestreiten Playoffs, um die letzten vier Endrundenteilnehmer zu ermitteln.<\/p>\n<p><\/p>\n<p>Anzeige\u00a0<\/p>\n<p>                                    <a class=\"link-zur-startseite\" href=\"https:\/\/www.transfermarkt.de\/\" onclick=\"tmEvent(&#039;newsanzeige-zur-startseite&#039;,&#039;click&#039;,&#039;&#039;);&#010;\" name=\"newsanzeige-zur-startseite\" rel=\"nofollow noopener\" target=\"_blank\"><\/p>\n<p>                                            Zur Startseite<br \/>\n                                        \u00a0<br \/>\n                                    <\/a><\/p>\n<p>                                        <a class=\"fehler-melden-box-link\" href=\"https:\/\/www.transfermarkt.de\/u21-muss-auf-quarshie-und-pauli-verzichten-baum-leicht-angeschlagen\/fehlerformular\/intern\/461530\" rel=\"nofollow noopener\" target=\"_blank\"><\/p>\n<p>Fehler<\/p>\n<p>melden<\/p>\n<p>                                        <\/a><\/p>\n","protected":false},"excerpt":{"rendered":"10.10.2025 &#8211; 17:38 | Quelle: DFB | Lesedauer: unter 1 Min. In EM-Qualifikation\u00a0 \u00a9IMAGO Die deutsche U21-Nationalmannschaft muss&hellip;\n","protected":false},"author":2,"featured_media":488349,"comment_status":"","ping_status":"","sticky":false,"template":"","format":"standard","meta":{"footnotes":"","_share_on_mastodon":"0"},"categories":[5],"tags":[58063,35827,122914,13,53852,7972,14,15,12,10,8,9,11,119457],"class_list":["post-488348","post","type-post","status-publish","format-standard","has-post-thumbnail","category-nachrichten","tag-deutschland-u21","tag-elias-baum","tag-griechenland-u21","tag-headlines","tag-joshua-quarshie","tag-julian-pauli","tag-nachrichten","tag-news","tag-schlagzeilen","tag-top-news","tag-top-meldungen","tag-topmeldungen","tag-topnews","tag-u21-em-qualifikation"],"share_on_mastodon":{"url":"https:\/\/pubeurope.com\/@de\/115351042481780842","error":""},"_links":{"self":[{"href":"https:\/\/www.europesays.com\/de\/wp-json\/wp\/v2\/posts\/488348","targetHints":{"allow":["GET"]}}],"collection":[{"href":"https:\/\/www.europesays.com\/de\/wp-json\/wp\/v2\/posts"}],"about":[{"href":"https:\/\/www.europesays.com\/de\/wp-json\/wp\/v2\/types\/post"}],"author":[{"embeddable":true,"href":"https:\/\/www.europesays.com\/de\/wp-json\/wp\/v2\/users\/2"}],"replies":[{"embeddable":true,"href":"https:\/\/www.europesays.com\/de\/wp-json\/wp\/v2\/comments?post=488348"}],"version-history":[{"count":0,"href":"https:\/\/www.europesays.com\/de\/wp-json\/wp\/v2\/posts\/488348\/revisions"}],"wp:featuredmedia":[{"embeddable":true,"href":"https:\/\/www.europesays.com\/de\/wp-json\/wp\/v2\/media\/488349"}],"wp:attachment":[{"href":"https:\/\/www.europesays.com\/de\/wp-json\/wp\/v2\/media?parent=488348"}],"wp:term":[{"taxonomy":"category","embeddable":true,"href":"https:\/\/www.europesays.com\/de\/wp-json\/wp\/v2\/categories?post=488348"},{"taxonomy":"post_tag","embeddable":true,"href":"https:\/\/www.europesays.com\/de\/wp-json\/wp\/v2\/tags?post=488348"}],"curies":[{"name":"wp","href":"https:\/\/api.w.org\/{rel}","templated":true}]}}