{"id":488503,"date":"2025-10-10T18:51:11","date_gmt":"2025-10-10T18:51:11","guid":{"rendered":"https:\/\/www.europesays.com\/de\/488503\/"},"modified":"2025-10-10T18:51:11","modified_gmt":"2025-10-10T18:51:11","slug":"spitze-der-hauptkirche-rheydt-wird-bald-aufgesetzt-nach-sanierung-in-moenchengladbach","status":"publish","type":"post","link":"https:\/\/www.europesays.com\/de\/488503\/","title":{"rendered":"Spitze der Hauptkirche Rheydt wird bald aufgesetzt nach Sanierung in M\u00f6nchengladbach"},"content":{"rendered":"<p class=\"text_ohne_einzug richtext text-em-55 !leading-serif mx-6 desktop:mx-0\"> Die evangelische Hauptkirche pr\u00e4gt mit ihrer imposanten Erscheinung seit mehr als 120 Jahren den Rheydter Markt und ist f\u00fcr viele Menschen ein wichtiges Wahrzeichen. Auf erschreckende Weise wurde jedoch im August 2020 klar, wie marode das Gotteshaus ist. Ein Gesteinsbrocken l\u00f6ste sich aus der Fassade und st\u00fcrzte vor den Haupteingang. Seitdem l\u00e4uten die Glocken der Kirche nur in Ausnahmef\u00e4llen. Weitere Untersuchungen zeigten: Das Stahlger\u00fcst der Turmspitze war von Rost zerfressen worden und instabil. Im November 2021 musste die tonnenschwere Konstruktion deswegen abgenommen werden. Seitdem steht sie neben der \u201ekopflosen\u201c Kirche. Viele M\u00f6nchengladbacher wollten das nicht hinnehmen \u2013 und engagierten sich f\u00fcr die Restaurierung der Spitze und der Fassade. Das zahlt sich nun St\u00fcck f\u00fcr St\u00fcck aus.<\/p>\n","protected":false},"excerpt":{"rendered":"Die evangelische Hauptkirche pr\u00e4gt mit ihrer imposanten Erscheinung seit mehr als 120 Jahren den Rheydter Markt und ist&hellip;\n","protected":false},"author":2,"featured_media":488504,"comment_status":"","ping_status":"","sticky":false,"template":"","format":"standard","meta":{"footnotes":""},"categories":[1849],"tags":[3274,3364,29,548,663,3934,30,16123,13,4455,14,15,1209,29330,12],"class_list":{"0":"post-488503","1":"post","2":"type-post","3":"status-publish","4":"format-standard","5":"has-post-thumbnail","7":"category-moenchengladbach","8":"tag-kirche","9":"tag-de","10":"tag-deutschland","11":"tag-eu","12":"tag-europa","13":"tag-europe","14":"tag-germany","15":"tag-hauptkirche","16":"tag-headlines","17":"tag-moenchengladbach","18":"tag-nachrichten","19":"tag-news","20":"tag-nordrhein-westfalen","21":"tag-rheydt","22":"tag-schlagzeilen"},"share_on_mastodon":{"url":"","error":""},"_links":{"self":[{"href":"https:\/\/www.europesays.com\/de\/wp-json\/wp\/v2\/posts\/488503","targetHints":{"allow":["GET"]}}],"collection":[{"href":"https:\/\/www.europesays.com\/de\/wp-json\/wp\/v2\/posts"}],"about":[{"href":"https:\/\/www.europesays.com\/de\/wp-json\/wp\/v2\/types\/post"}],"author":[{"embeddable":true,"href":"https:\/\/www.europesays.com\/de\/wp-json\/wp\/v2\/users\/2"}],"replies":[{"embeddable":true,"href":"https:\/\/www.europesays.com\/de\/wp-json\/wp\/v2\/comments?post=488503"}],"version-history":[{"count":0,"href":"https:\/\/www.europesays.com\/de\/wp-json\/wp\/v2\/posts\/488503\/revisions"}],"wp:featuredmedia":[{"embeddable":true,"href":"https:\/\/www.europesays.com\/de\/wp-json\/wp\/v2\/media\/488504"}],"wp:attachment":[{"href":"https:\/\/www.europesays.com\/de\/wp-json\/wp\/v2\/media?parent=488503"}],"wp:term":[{"taxonomy":"category","embeddable":true,"href":"https:\/\/www.europesays.com\/de\/wp-json\/wp\/v2\/categories?post=488503"},{"taxonomy":"post_tag","embeddable":true,"href":"https:\/\/www.europesays.com\/de\/wp-json\/wp\/v2\/tags?post=488503"}],"curies":[{"name":"wp","href":"https:\/\/api.w.org\/{rel}","templated":true}]}}