{"id":488888,"date":"2025-10-10T22:29:13","date_gmt":"2025-10-10T22:29:13","guid":{"rendered":"https:\/\/www.europesays.com\/de\/488888\/"},"modified":"2025-10-10T22:29:13","modified_gmt":"2025-10-10T22:29:13","slug":"drohnen-chaos-zu-beginn-der-herbstferien-das-sagt-der-flughafenverband-news","status":"publish","type":"post","link":"https:\/\/www.europesays.com\/de\/488888\/","title":{"rendered":"Drohnen-Chaos zu Beginn der Herbstferien? Das sagt der Flughafenverband | News"},"content":{"rendered":"<p>M\u00fcnchen \u2013 <b>Nach dem Drohnen-Alarm am Flughafen M\u00fcnchen wurde der Flugbetrieb dort zeitweise vollst\u00e4ndig eingestellt, sa\u00dfen tausende Passagiere stundenlang fest. Mit Beginn der Herbstferien stellt sich die Frage: Sind die deutschen Flugh\u00e4fen auf \u00e4hnliche Szenarien vorbereitet \u2013 oder ist das n\u00e4chste Drohnen-Chaos im Anflug?<\/b><\/p>\n<p>Noch immer ist unklar, woher die <a href=\"https:\/\/www.bild.de\/news\/inland\/ausgerechnet-zum-wiesn-endspurt-flughafen-muenchen-wegen-drohnen-gesperrt-68df0e68dc95f1f53102a477\" class=\"text-link\" target=\"_blank\" rel=\"noopener\">Drohnen \u00fcber dem Flughafen M\u00fcnchen<\/a> in der vergangenen Woche kamen, wer sie steuerte und mit welcher Absicht. <\/p>\n<p>\u25ba Zwei Tage lang sa\u00dfen insgesamt mehr als 9.600 Passagiere fest. Viele mussten die <a href=\"https:\/\/www.bild.de\/regional\/muenchen\/medienbericht-wieder-drohnen-muenchner-flughafen-erneut-gesperrt-68e033ce89973cba61e80d23\" class=\"text-link\" target=\"_blank\" rel=\"noopener\">Nacht im Terminal verbringen<\/a>: Hotels waren wegen des Oktoberfestes ausgebucht. Flughafenmitarbeiter verteilten deshalb Luftmatratzen und Decken. <\/p>\n<p><img decoding=\"async\" width=\"992\" height=\"558\" alt=\"Hunderte gestrandete Flugg\u00e4ste schliefen im Terminal des M\u00fcnchner Airports\" src=\"https:\/\/www.europesays.com\/de\/wp-content\/uploads\/2025\/10\/e866f841d7cd4d05308a39d1a054a182,18c1d952\"   class=\"landscape\" loading=\"lazy\"\/><\/p>\n<p class=\"fig__caption__text\">Hunderte gestrandete Flugg\u00e4ste schliefen im Terminal des M\u00fcnchner Airports<\/p>\n<p>Foto: vifogra<\/p>\n<p>Herbstferien in Deutschland<\/p>\n<p>Doch wie sind die deutschen Airports auf Drohnen-Sichtungen vorbereitet? BILD fragte bei den vier gr\u00f6\u00dften Flugh\u00e4fen nach: Hamburg, Berlin-Brandenburg, D\u00fcsseldorf und Frankfurt. <\/p>\n<p>Denn: Deutschland geht in die <a href=\"https:\/\/www.bild.de\/leben-wissen\/bildung-schule-studium\/herbstferien-2025-dann-startet-ihr-bundesland-in-die-schulfreie-zeit-67724dbbc059a70650637863\" class=\"text-link\" target=\"_blank\" rel=\"noopener\">Herbstferien<\/a>. Hamburger Sch\u00fcler haben vom 20. bis 31. Oktober frei, Berliner vom 20. Oktober bis 1. November, die Kinder und Jugendlichen in Nordrhein-Westfalen vom 13. bis 25. Oktober \u2013 und in Hessen sind schon Ferien, bis 18. Oktober. <\/p>\n<p>An den <a href=\"https:\/\/www.bild.de\/themen\/orte\/flughaefen\/nachrichten-news-fotos-videos-19062042.bild.html\" class=\"text-link\" target=\"_blank\" rel=\"noopener\">Flugh\u00e4fen<\/a> wird der Andrang in der Zeit gro\u00df sein. Genaue Passagierzahlen k\u00f6nnen die Airports zwar erst nach den Herbstferien benennen. Doch 2024 flogen in den Ferien ab Hamburg mehr als 843.000 Passagiere. Am BER in Sch\u00f6nefeld wurden in den Herbstferien 1,4 Millionen Passagiere verzeichnet. In D\u00fcsseldorf starteten 1,2 Millionen Passagiere in ihre wohlverdiente Auszeit. Spitzenreiter war Frankfurt mit mehr als 2,2 Millionen Passagieren.<\/p>\n<p><img decoding=\"async\" width=\"992\" height=\"558\" alt=\"Zwei Urlauber schnorcheln in der N\u00e4he eines Korallenriffs im Roten Meer. \u00c4gypten ist ein beliebtes Reiseziel\" src=\"https:\/\/www.europesays.com\/de\/wp-content\/uploads\/2025\/10\/1de1287ca8c023de9cf07d001bcbed0c,c4fbd792\"   class=\"landscape\" loading=\"lazy\"\/><\/p>\n<p class=\"fig__caption__text\">Zwei Urlauber schnorcheln in der N\u00e4he eines Korallenriffs im Roten Meer. \u00c4gypten ist ein beliebtes Reiseziel<\/p>\n<p>Foto: Getty Images<\/p>\n<p>Zu den beliebtesten Flugzielen in die Herbstferien geh\u00f6ren die Kanaren und Balearen f\u00fcr Badeurlaub. Die T\u00fcrkei und die Arabischen Emirate f\u00fcr <a href=\"https:\/\/www.bild.de\/themen\/specials\/urlaub\/reise-news-fotos-videos-17008080.bild.html\" class=\"text-link\" target=\"_blank\" rel=\"noopener\">Urlaub<\/a> mit Sonne und Kultur, sowie \u00c4gypten f\u00fcr Schnorcheln im Roten Meer. Bei St\u00e4dtereisen liegen Rom und Barcelona vorn.<\/p>\n<p>Beh\u00f6rden halten sich bei Drohnen-Frage bedeckt<\/p>\n<p>BILD erkundigte sich bei den Pressestellen der Flugh\u00e4fen. Die verwiesen auf die Zust\u00e4ndigkeit der jeweiligen Bundespolizei. Aus Sicherheitsgr\u00fcnden machten diese wiederum keine Angaben zum konkreten Vorgehen bei Drohnensichtungen. <\/p>\n<p><img decoding=\"async\" width=\"992\" height=\"558\" alt=\"Polizeidrohne: F\u00fcr Drohnenpiloten gilt laut Luftverkehrsordnung eine Flugverbotszone im Umkreis von bis zu f\u00fcnf Kilometern um Flugh\u00e4fen.\" src=\"https:\/\/www.europesays.com\/de\/wp-content\/uploads\/2025\/10\/99c997a66f20279decb225a010fd056c,1b81986b\"   class=\"landscape\" loading=\"lazy\"\/><\/p>\n<p class=\"fig__caption__text\">Polizeidrohne: F\u00fcr Drohnenpiloten gilt laut Luftverkehrsordnung eine Flugverbotszone im Umkreis von bis zu f\u00fcnf Kilometern um Flugh\u00e4fen. <\/p>\n<p>Foto: SvenSimon<\/p>\n<p>Am <a href=\"https:\/\/www.bild.de\/themen\/orte\/flughafen-frankfurt\/groesster-deutscher-flughafen-18085978.bild.html\" class=\"text-link\" target=\"_blank\" rel=\"noopener\">Flughafen Frankfurt\/Main<\/a> ist die Fraport AG als Betreiber f\u00fcr die Sicherheit auf dem Flughafengel\u00e4nde verantwortlich, die Polizeibeh\u00f6rden f\u00fcr die Gefahrenabwehr. \u201eDringen Drohnen in den Sicherheitsbereich des Flughafens ein, entscheidet die Deutsche Flugsicherung in Abstimmung mit den Beh\u00f6rden, ob der Flugbetrieb eingeschr\u00e4nkt oder ganz eingestellt wird\u201c, sagte Sprecherin Maria Linden.<\/p>\n<p>Mehr zum Thema<\/p>\n<p>Die Zwischenf\u00e4lle in M\u00fcnchen w\u00fcrden zeigen, \u201ewie ernst die Bedrohung durch Drohnen f\u00fcr den Flugverkehr ist\u201c, sagte Ralph Beisel, Hauptgesch\u00e4ftsf\u00fchrer des Flughafenverbandes ADV. <\/p>\n<p><b>\u201eDie Flugh\u00e4fen k\u00f6nnen nicht beurteilen, ob eine Drohne von einem Hobby-Piloten gesteuert wird oder ob es sich um eine hybride Bedrohung handelt. Das Einzige, was wir wissen, ist, dass die Bedrohung durch Drohnen hochdynamisch ist.\u201c Staatliches Handeln m\u00fcsse unverz\u00fcglich erfolgen.<\/b><\/p>\n","protected":false},"excerpt":{"rendered":"M\u00fcnchen \u2013 Nach dem Drohnen-Alarm am Flughafen M\u00fcnchen wurde der Flugbetrieb dort zeitweise vollst\u00e4ndig eingestellt, sa\u00dfen tausende Passagiere&hellip;\n","protected":false},"author":2,"featured_media":488889,"comment_status":"","ping_status":"","sticky":false,"template":"","format":"standard","meta":{"footnotes":""},"categories":[1827],"tags":[772,296,421,29,1478,3405,2109,12183,3444,1345,24290,2050,8351,30,692,851,1268,1079,51041,45,631],"class_list":{"0":"post-488888","1":"post","2":"type-post","3":"status-publish","4":"format-standard","5":"has-post-thumbnail","7":"category-muenchen","8":"tag-bayern","9":"tag-berlin","10":"tag-bundespolizei","11":"tag-deutschland","12":"tag-drohne","13":"tag-duesseldorf","14":"tag-flughafen","15":"tag-flughafen-berlin-brandenburg","16":"tag-flughafen-duesseldorf","17":"tag-flughafen-frankfurt-am-main","18":"tag-flugreise","19":"tag-frankfurt","20":"tag-fraport","21":"tag-germany","22":"tag-hamburg","23":"tag-herbst","24":"tag-muenchen","25":"tag-reisen","26":"tag-schulferien","27":"tag-texttospeech","28":"tag-urlaub"},"share_on_mastodon":{"url":"https:\/\/pubeurope.com\/@de\/115352238408115877","error":""},"_links":{"self":[{"href":"https:\/\/www.europesays.com\/de\/wp-json\/wp\/v2\/posts\/488888","targetHints":{"allow":["GET"]}}],"collection":[{"href":"https:\/\/www.europesays.com\/de\/wp-json\/wp\/v2\/posts"}],"about":[{"href":"https:\/\/www.europesays.com\/de\/wp-json\/wp\/v2\/types\/post"}],"author":[{"embeddable":true,"href":"https:\/\/www.europesays.com\/de\/wp-json\/wp\/v2\/users\/2"}],"replies":[{"embeddable":true,"href":"https:\/\/www.europesays.com\/de\/wp-json\/wp\/v2\/comments?post=488888"}],"version-history":[{"count":0,"href":"https:\/\/www.europesays.com\/de\/wp-json\/wp\/v2\/posts\/488888\/revisions"}],"wp:featuredmedia":[{"embeddable":true,"href":"https:\/\/www.europesays.com\/de\/wp-json\/wp\/v2\/media\/488889"}],"wp:attachment":[{"href":"https:\/\/www.europesays.com\/de\/wp-json\/wp\/v2\/media?parent=488888"}],"wp:term":[{"taxonomy":"category","embeddable":true,"href":"https:\/\/www.europesays.com\/de\/wp-json\/wp\/v2\/categories?post=488888"},{"taxonomy":"post_tag","embeddable":true,"href":"https:\/\/www.europesays.com\/de\/wp-json\/wp\/v2\/tags?post=488888"}],"curies":[{"name":"wp","href":"https:\/\/api.w.org\/{rel}","templated":true}]}}