{"id":490542,"date":"2025-10-11T13:48:44","date_gmt":"2025-10-11T13:48:44","guid":{"rendered":"https:\/\/www.europesays.com\/de\/490542\/"},"modified":"2025-10-11T13:48:44","modified_gmt":"2025-10-11T13:48:44","slug":"expo-real-fortschritte-und-neue-ansiedlungen-im-nordkreis","status":"publish","type":"post","link":"https:\/\/www.europesays.com\/de\/490542\/","title":{"rendered":"Expo Real: Fortschritte und neue Ansiedlungen im Nordkreis"},"content":{"rendered":"<p class=\"Paragraph_paragraph__lerxh Paragraph_paragraph--default-lg-default__J4S_J articleParagraph\">Dieses j\u00e4hrliche Happening kurz nach dem Oktoberfest in Bayerns Landeshauptstadt verpassen auch die B\u00fcrgermeister und ihre Beigeordneten im Nordkreis nicht: die Expo Real, bedeutendste internationale Fachmesse f\u00fcr Immobilien und Investitionen in ganz Europa. Oder, wie Herzogenraths B\u00fcrgermeister Benjamin Fadavian es ausdr\u00fcckt, \u201eein Schmelztiegel der Immobilienwirtschaft\u201c, in dem man \u201eschneller, kompakter und dynamischer\u201c Gespr\u00e4che f\u00fchren k\u00f6nne, als es sonst m\u00f6glich sei.<\/p>\n","protected":false},"excerpt":{"rendered":"Dieses j\u00e4hrliche Happening kurz nach dem Oktoberfest in Bayerns Landeshauptstadt verpassen auch die B\u00fcrgermeister und ihre Beigeordneten im&hellip;\n","protected":false},"author":2,"featured_media":490543,"comment_status":"","ping_status":"","sticky":false,"template":"","format":"standard","meta":{"footnotes":""},"categories":[1853],"tags":[1424,3364,29,548,663,3934,30,13,14,15,1209,12],"class_list":{"0":"post-490542","1":"post","2":"type-post","3":"status-publish","4":"format-standard","5":"has-post-thumbnail","7":"category-aachen","8":"tag-aachen","9":"tag-de","10":"tag-deutschland","11":"tag-eu","12":"tag-europa","13":"tag-europe","14":"tag-germany","15":"tag-headlines","16":"tag-nachrichten","17":"tag-news","18":"tag-nordrhein-westfalen","19":"tag-schlagzeilen"},"share_on_mastodon":{"url":"https:\/\/pubeurope.com\/@de\/115355851453269630","error":""},"_links":{"self":[{"href":"https:\/\/www.europesays.com\/de\/wp-json\/wp\/v2\/posts\/490542","targetHints":{"allow":["GET"]}}],"collection":[{"href":"https:\/\/www.europesays.com\/de\/wp-json\/wp\/v2\/posts"}],"about":[{"href":"https:\/\/www.europesays.com\/de\/wp-json\/wp\/v2\/types\/post"}],"author":[{"embeddable":true,"href":"https:\/\/www.europesays.com\/de\/wp-json\/wp\/v2\/users\/2"}],"replies":[{"embeddable":true,"href":"https:\/\/www.europesays.com\/de\/wp-json\/wp\/v2\/comments?post=490542"}],"version-history":[{"count":0,"href":"https:\/\/www.europesays.com\/de\/wp-json\/wp\/v2\/posts\/490542\/revisions"}],"wp:featuredmedia":[{"embeddable":true,"href":"https:\/\/www.europesays.com\/de\/wp-json\/wp\/v2\/media\/490543"}],"wp:attachment":[{"href":"https:\/\/www.europesays.com\/de\/wp-json\/wp\/v2\/media?parent=490542"}],"wp:term":[{"taxonomy":"category","embeddable":true,"href":"https:\/\/www.europesays.com\/de\/wp-json\/wp\/v2\/categories?post=490542"},{"taxonomy":"post_tag","embeddable":true,"href":"https:\/\/www.europesays.com\/de\/wp-json\/wp\/v2\/tags?post=490542"}],"curies":[{"name":"wp","href":"https:\/\/api.w.org\/{rel}","templated":true}]}}