{"id":490783,"date":"2025-10-11T16:05:09","date_gmt":"2025-10-11T16:05:09","guid":{"rendered":"https:\/\/www.europesays.com\/de\/490783\/"},"modified":"2025-10-11T16:05:09","modified_gmt":"2025-10-11T16:05:09","slug":"musical-baha-und-die-wilden-70er-feiert-im-comedia-theater-in-koeln-premiere","status":"publish","type":"post","link":"https:\/\/www.europesays.com\/de\/490783\/","title":{"rendered":"Musical &#8222;Baha und die wilden 70er&#8220; feiert im Comedia-Theater in K\u00f6ln Premiere"},"content":{"rendered":"<p class=\"text_ohne_einzug richtext text-em-55 !leading-serif mx-6 desktop:mx-0\">1973. Es riecht nach Motor\u00f6l und Hoffnung, nach Zukunft und Zigarettenqualm. W\u00e4hrend Heinz Schenk um 20.15 Uhr beim \u201eBlauen Bock\u201c vor einem Millionenpublikum \u00c4ppelwoi in bauchigen Kr\u00fcgen ausschenkt und Studentinnen in Hotpants zwischen Parolen, Poesie und freier Liebe pendeln, schuften in K\u00f6ln-Niehl Tausende M\u00e4nner aus Anatolien, Jugoslawien oder Italien an den Flie\u00dfb\u00e4ndern von Ford. In der gef\u00fcrchteten Y-Halle tragen sie tonnenschwere Autoteile, acht Stunden, fast ohne Pause. Ihre Gesichter gl\u00e4nzen vom \u00d6l, ihre H\u00e4nde sind schwarz vom Metallstaub und ihre Tr\u00e4ume liegen irgendwo zwischen K\u00f6ln und Kayseri.<\/p>\n","protected":false},"excerpt":{"rendered":"1973. Es riecht nach Motor\u00f6l und Hoffnung, nach Zukunft und Zigarettenqualm. W\u00e4hrend Heinz Schenk um 20.15 Uhr beim&hellip;\n","protected":false},"author":2,"featured_media":490784,"comment_status":"","ping_status":"","sticky":false,"template":"","format":"standard","meta":{"footnotes":""},"categories":[1828],"tags":[69923,123332,123333,29,30,1420,12368,1209,123334],"class_list":{"0":"post-490783","1":"post","2":"type-post","3":"status-publish","4":"format-standard","5":"has-post-thumbnail","7":"category-koeln","8":"tag-70er","9":"tag-arbeiterkampf","10":"tag-baha","11":"tag-deutschland","12":"tag-germany","13":"tag-koeln","14":"tag-musical","15":"tag-nordrhein-westfalen","16":"tag-wilden"},"share_on_mastodon":{"url":"https:\/\/pubeurope.com\/@de\/115356390144497780","error":""},"_links":{"self":[{"href":"https:\/\/www.europesays.com\/de\/wp-json\/wp\/v2\/posts\/490783","targetHints":{"allow":["GET"]}}],"collection":[{"href":"https:\/\/www.europesays.com\/de\/wp-json\/wp\/v2\/posts"}],"about":[{"href":"https:\/\/www.europesays.com\/de\/wp-json\/wp\/v2\/types\/post"}],"author":[{"embeddable":true,"href":"https:\/\/www.europesays.com\/de\/wp-json\/wp\/v2\/users\/2"}],"replies":[{"embeddable":true,"href":"https:\/\/www.europesays.com\/de\/wp-json\/wp\/v2\/comments?post=490783"}],"version-history":[{"count":0,"href":"https:\/\/www.europesays.com\/de\/wp-json\/wp\/v2\/posts\/490783\/revisions"}],"wp:featuredmedia":[{"embeddable":true,"href":"https:\/\/www.europesays.com\/de\/wp-json\/wp\/v2\/media\/490784"}],"wp:attachment":[{"href":"https:\/\/www.europesays.com\/de\/wp-json\/wp\/v2\/media?parent=490783"}],"wp:term":[{"taxonomy":"category","embeddable":true,"href":"https:\/\/www.europesays.com\/de\/wp-json\/wp\/v2\/categories?post=490783"},{"taxonomy":"post_tag","embeddable":true,"href":"https:\/\/www.europesays.com\/de\/wp-json\/wp\/v2\/tags?post=490783"}],"curies":[{"name":"wp","href":"https:\/\/api.w.org\/{rel}","templated":true}]}}