{"id":491274,"date":"2025-10-11T20:43:11","date_gmt":"2025-10-11T20:43:11","guid":{"rendered":"https:\/\/www.europesays.com\/de\/491274\/"},"modified":"2025-10-11T20:43:11","modified_gmt":"2025-10-11T20:43:11","slug":"abschied-nach-20-jahren-festgottesdienst-mit-generalvikar-christoph-neubrand-mrn-news-de","status":"publish","type":"post","link":"https:\/\/www.europesays.com\/de\/491274\/","title":{"rendered":"Abschied nach 20 Jahren \/Festgottesdienst mit Generalvikar Christoph Neubrand \u2013 \/\/\/ MRN-News.de"},"content":{"rendered":"<p><img loading=\"lazy\" decoding=\"async\" src=\"https:\/\/www.europesays.com\/de\/wp-content\/uploads\/2025\/10\/Dekan-Karl-Jung-in-der-Jesuitenkirche_kathma-scaled.jpg\" alt=\"\" width=\"2560\" height=\"1707\" class=\"size-full wp-image-606103\"  \/>Priesterweihe der Jesuiten 2013 in Mannheim<br \/>Mannheim\/Metropolregion Rhein-Neckar \u2013 Dekan Karl Jung: Abschied nach 20 Jahren<br \/>Festgottesdienst am 16. Oktober um 18 Uhr in der Mannheimer Jesuitenkirche mit Generalvikar Christoph Neubrand mit anschlie\u00dfendem Begegnungsfest<\/p>\n<p>Er war Stimme und Gesicht der Katholischen Kirche in Mannheim \u2013 verl\u00e4sslich, zugewandt, mit einem offenen Ohr f\u00fcr Menschen und Themen, die Stadt und Kirche bewegen: Stadtdekan Karl Jung. Bis zum 31. Dezember 2025 ist er noch im Amt. Die offizielle Verabschiedung durch den Generalvikar der Erzdi\u00f6zese Freiburg, Christoph Neubrand, findet allerdings bereits am Donnerstag, 16. Oktober 2025, um 18 Uhr in der Jesuitenkirche statt.<\/p>\n<p>Zweifellos hat Dekan Jung in den vergangenen 20 Jahren ein St\u00fcck Mannheimer Kirchengeschichte mitgeschrieben. Er ist Leitender Pfarrer mehrerer Seelsorgeeinheiten im Dekanatsgebiet, das neben Mannheim auch Ilvesheim und Edingen-Neckarhausen umfasst, ist Vorsitzender des Caritasrates und zahlreicher weiterer kirchlicher Gremien, zudem Prior im Ritterorden vom Heiligen Grab zu Jerusalem und in vielen Bereichen Ansprechpartner der Stadt Mannheim.<\/p>\n<p>Seit seiner Wahl zum Stadtdekan 2005 steht Jung f\u00fcr eine Kirche, die bodenst\u00e4ndig und dialogbereit ist, die zuh\u00f6rt, Mut macht, Miteinander stiftet und sich \u00f6ffnet. Das Miteinander war und ist ihm Herzensanliegen \u2013 zwischen Konfessionen, Generationen und Lebenswelten. \u201eKirche mitten in der Stadt\u201c ist f\u00fcr ihn daher nie nur ein Slogan gewesen. Seinen oft verwendeten Gru\u00df \u201eMit Euch unterwegs\u201c lebt er aus der \u00dcberzeugung heraus, dass Kirche dort lebendig ist, wo Menschen einander begegnen.<\/p>\n<p>Karl Jung hat Kirche daher auch nie nur verwaltet, sondern aktiv mitgestaltet. Meilensteine wie eine \u00d6kumenische Rahmenvereinbarung, die erste \u00d6kumenekirche der Quadratestadt und weitere nachhaltige \u2013 oft \u00fcberkonfessionelle \u2013 Kooperationen sind ebenso untrennbar mit seiner Amtszeit verbunden wie bundesweit beachtete Veranstaltungen. Beispiele hierf\u00fcr sind unter anderem der 98. Deutsche Katholikentag 2012 und \u201eKirche auf der BUGA 23\u201c.<\/p>\n<p>\u00d6kumene ist f\u00fcr Jung kein Stickwort \u2013 \u201esie ist eine Herzensangelegenheit\u201c, betont der 66-J\u00e4hrige.  Gemeinsam mit seinem evangelischen Kollegen, Dekan Ralph Hartmann, hat er \u00f6kumenische und interreligi\u00f6se Br\u00fccken gebaut. Darauf \u2013 und auf das gemeinsame Ringen um das Gute in der Stadt \u2013 werden in ihren Gru\u00dfworten w\u00e4hrend des Abschiedsgottesdienstes Weggef\u00e4hrtinnen und -gef\u00e4hrten wie der Dekanatsratsvorsitzende Hansheinrich Beha, Caritasvorstandsvorsitzende Regina Hertlein, Dekan Ralph Hartmann und Oberb\u00fcrgermeister Christian Specht sicher eingehen.<\/p>\n<p>Dass Karl Jung Spuren hinterl\u00e4sst, steht au\u00dfer Frage. Seine 38-j\u00e4hrige priesterliche Laufbahn \u2013 vom Kaplan in Karlsruhe \u00fcber den Dozenten f\u00fcr Sakramentenpastoral in St. Peter (Schwarzwahld) bis zum Stadtdekan in Mannheim \u2013 erz\u00e4hlt von einem Leben, das der Kirche dient und den Menschen zugewandt bleibt: mit Herz, Haltung und Humor. Und das bleibt auch im Ruhestand ab 1.Januar 2026 so, verr\u00e4t Jung: \u201eIch werde weiterhin Dienste in der neuen Katholischen Kirchengemeinde Mannheim, Pfarrei St. Sebastian \u00fcbernehmen.\u201c<\/p>\n<p>Nach dem Gottesdienst sind daher auch alle Mitfeiernden im Dekanatshof und im Ignatiussaal (A4,1) zu einem Fest eingeladen \u2013 zu einem Abend, der Erinnerungen Raum gibt, Begegnung m\u00f6glich macht und Gemeinschaft feiert, die laut Jung \u201eGlauben erfahrbar werden l\u00e4sst \u2013 mitten im Alltag, mitten im Leben\u201c. (schu\/ Bild: kathma)<\/p>\n<p>Kurzvita Dekan Karl Jung<\/p>\n<p>12. Juli 1959 Geburt in Baden-Baden<br \/>1979 Abitur am Wirtschaftsgymnasium Rastatt und Beginn des Theologiestudiums in Freiburg und M\u00fcnchen<br \/>1985 Weihe zum Diakon, Ausbildungsjahr in Endingen am Kaiserstuhl<br \/>1987 Priesterweihe in Freiburg durch Erzbischof Oskar Saier<br \/>bis 1990 Kaplanszeit in der Karlsruher Innenstadtpfarrei St. Stephan<br \/>ab 1989 auch Dekanatsjugendseelsorger Karlsruhe<br \/>1991 Dozent f\u00fcr Sakramentenpastoral am Priesterseminar in St. Peter, Schwarzwald<br \/>ab 1994 zus\u00e4tzlich Pfarrer der Pfarrgemeinde von St. Peter, Schwarzwald<br \/>ab 1999 stellv. Dekan des Landkapitels Neustadt<br \/>2004 Fortbildung an der F\u00fchrungsakademie des Landes Baden-W\u00fcrttemberg in Karlsruhe<br \/>2005 Pfarrer zur Vertretung in Schwanau und Mei\u00dfenheim-K\u00fcrzell (Dekanat Lahr)<br \/>6.5.2005 Wahl zum Katholischen Stadtdekan in Mannheim<br \/>seit 01.10.2005 Katholischer Stadtdekan in Mannheim und Pfarrer der Seelsorgeeinheit Mannheim-City<br \/>2008 Ernennung zum Geistlichen Rat ad honorem durch Erzbischof Robert Zollitsch.<br \/>2009 Ordensmitglied im Ritterorden vom Heiligen Grab zu Jerusalem<br \/>2010 Ernennung zum nichtresidierenden Domkapitular durch Erzbischof Robert Zollitsch.<br \/>2010 41. Tr\u00e4ger des Bloomaulordens in Mannheim<br \/>2011 Wiederwahl zum Katholischen Stadtdekan Mannheim<br \/>2012 Vorsitzender des Caritasrates (Aufsichtsrat) Mannheim<br \/>2014 Ernennung zum Leiter der Seelsorgeeinheit Mannheim Johannes XXIII.2017 Wiederernennung zum Katholischen Stadtdekan Mannheim durch<br \/>Erzbischof Stephan Burger.<br \/>2018 qualifizierte Sabbatzeit in Innsbruck, Paris, Taiz\u00e9 und Peru (Januar bis April)<br \/>2019 Prior der Komturei St. Bernhard von Clairvaux Mannheim-Heidelberg im Ritterorden vom Heiligen Grab zu Jerusalem<br \/>2021 zus\u00e4tzlich Pfarradministrator  der Seelsorgeeinheit Mannheim-Nord<br \/>2023 Wiederernennung zum Katholischen Stadtdekan Mannheim durch Erzbischof Stephan Burger<br \/>2023 zus\u00e4tzlich Pfarradministrator der Seelsorgeeinheit Mannheim-S\u00fcd<br \/>2024 Ernennung zum Komtur des Ritterordens vom Heiligen Grab zu Jerusalem<br \/>2025 Ehrenzeichen in Silber des Deutschen Caritasverbandes und des Di\u00f6zesan-Caritasverbandes Freiburg<br \/>1.10.2025   20 Jahre Katholischer Stadtdekan in Mannheim<br \/>31.12.2025 Ende der Amtszeit als Dekan und Pfarrer in Mannheim<br \/>Ab 1.1.2026 Subsidiar in der Pfarrei St. Sebastian, Mannheim<\/p>\n<p>Quelle: Katholisches Stadtdekanat Mannheim <\/p>\n","protected":false},"excerpt":{"rendered":"Priesterweihe der Jesuiten 2013 in MannheimMannheim\/Metropolregion Rhein-Neckar \u2013 Dekan Karl Jung: Abschied nach 20 JahrenFestgottesdienst am 16. Oktober&hellip;\n","protected":false},"author":2,"featured_media":491275,"comment_status":"","ping_status":"","sticky":false,"template":"","format":"standard","meta":{"footnotes":""},"categories":[1845],"tags":[1634,3364,29,548,663,3934,30,13,2096,14,15,12],"class_list":{"0":"post-491274","1":"post","2":"type-post","3":"status-publish","4":"format-standard","5":"has-post-thumbnail","7":"category-mannheim","8":"tag-baden-wuerttemberg","9":"tag-de","10":"tag-deutschland","11":"tag-eu","12":"tag-europa","13":"tag-europe","14":"tag-germany","15":"tag-headlines","16":"tag-mannheim","17":"tag-nachrichten","18":"tag-news","19":"tag-schlagzeilen"},"share_on_mastodon":{"url":"https:\/\/pubeurope.com\/@de\/115357483891038599","error":""},"_links":{"self":[{"href":"https:\/\/www.europesays.com\/de\/wp-json\/wp\/v2\/posts\/491274","targetHints":{"allow":["GET"]}}],"collection":[{"href":"https:\/\/www.europesays.com\/de\/wp-json\/wp\/v2\/posts"}],"about":[{"href":"https:\/\/www.europesays.com\/de\/wp-json\/wp\/v2\/types\/post"}],"author":[{"embeddable":true,"href":"https:\/\/www.europesays.com\/de\/wp-json\/wp\/v2\/users\/2"}],"replies":[{"embeddable":true,"href":"https:\/\/www.europesays.com\/de\/wp-json\/wp\/v2\/comments?post=491274"}],"version-history":[{"count":0,"href":"https:\/\/www.europesays.com\/de\/wp-json\/wp\/v2\/posts\/491274\/revisions"}],"wp:featuredmedia":[{"embeddable":true,"href":"https:\/\/www.europesays.com\/de\/wp-json\/wp\/v2\/media\/491275"}],"wp:attachment":[{"href":"https:\/\/www.europesays.com\/de\/wp-json\/wp\/v2\/media?parent=491274"}],"wp:term":[{"taxonomy":"category","embeddable":true,"href":"https:\/\/www.europesays.com\/de\/wp-json\/wp\/v2\/categories?post=491274"},{"taxonomy":"post_tag","embeddable":true,"href":"https:\/\/www.europesays.com\/de\/wp-json\/wp\/v2\/tags?post=491274"}],"curies":[{"name":"wp","href":"https:\/\/api.w.org\/{rel}","templated":true}]}}