{"id":491442,"date":"2025-10-11T22:24:12","date_gmt":"2025-10-11T22:24:12","guid":{"rendered":"https:\/\/www.europesays.com\/de\/491442\/"},"modified":"2025-10-11T22:24:12","modified_gmt":"2025-10-11T22:24:12","slug":"europaeische-union-tausende-demonstrieren-in-polen-gegen-eu-migrationspolitik","status":"publish","type":"post","link":"https:\/\/www.europesays.com\/de\/491442\/","title":{"rendered":"Europ\u00e4ische Union: Tausende demonstrieren in Polen gegen EU-Migrationspolitik"},"content":{"rendered":"<p>\n                        In Polens Hauptstadt Warschau haben Tausende Menschen gegen die EU-Migrationspolitik demonstriert. Aufgerufen hatte die rechtskonservative PiS-Partei.\n                    <\/p>\n<p>        Ihr Browser unterst\u00fctzt die Wiedergabe von Audio Dateien nicht. Download der Datei als mp3: https:\/\/zon-speechbert-production.s3.eu-central-1.amazonaws.com\/articles\/88ae0c31-b33a-4c0a-9dfb-11f4551a97e1\/full_5773f6ad670da4fecf6b82edb03d1b9c27f9252078178dfe780bd22df4c8c9f02e1eeb5fe890d30437c42a67794692c2.mp3    <\/p>\n<p>                    1 Min.<\/p>\n<p>            -1:16<\/p>\n<p>            0.5x<br \/>\n            0.75x<br \/>\n            1.0x<br \/>\n            1.25x<br \/>\n            1.5x<br \/>\n            2.0x<\/p>\n<p>        <a class=\"z-text-button\" href=\"#comments\" title=\"Kommentare anzeigen\" data-ct-row=\"comments\" data-ct-column=\"false\"><\/p>\n<p>            62<br \/>\n            Kommentare<br \/>\n        <\/a><br \/>\n    Zusammenfassen<\/p>\n<p>                Schlie\u00dfen<br \/>\n                Artikelzusammenfassung<\/p>\n<p>Tausende demonstrieren in Warschau gegen EU-Migrationspolitik. Die rechtsnationalistische PiS mobilisiert Protestler aus ganz Polen. Pr\u00e4sident Nawrocki und Ministerpr\u00e4sident Tusk stehen sich in dieser Frage gegen\u00fcber. Polen lehnt den EU-Migrationspakt ab und sieht sich bereits durch die Aufnahme von Kriegsfl\u00fcchtlingen aus der Ukraine belastet. Nawrocki droht mit Ablehnung des Migrations- und Asylpakts in Polen.<\/p>\n<p>                Diese Zusammenfassung wurde mithilfe von K\u00fcnstlicher Intelligenz erstellt. Vereinzelt kann es dabei zu Fehlern kommen.<\/p>\n<p class=\"summy__feedback-paragraph\">Fanden Sie die Zusammenfassung hilfreich? <\/p>\n<p>                        Gef\u00e4llt mir<\/p>\n<p>                        Gef\u00e4llt mir<\/p>\n<p>                        Gef\u00e4llt mir nicht<\/p>\n<p>                        Gef\u00e4llt mir nicht<\/p>\n<p>                        Send<\/p>\n<p>        Diese Audioversion wurde k\u00fcnstlich erzeugt.<\/p>\n<p>                        Schlie\u00dfen<br \/>\n                        Die Audioversion dieses Artikels wurde k\u00fcnstlich erzeugt.<br \/>\n                        Wir entwickeln dieses Angebot stetig weiter und freuen uns \u00fcber <a href=\"https:\/\/www.zeit.de\/politik\/ausland\/2025-10\/mailto:audiofeedback@zeit.de?subject=Feedback%20TTS\" rel=\"nofollow noopener\" target=\"_blank\">Ihr Feedback<\/a>.<\/p>\n<p>            <img decoding=\"async\" class=\"article__media-item\" src=\"https:\/\/www.europesays.com\/de\/wp-content\/uploads\/2025\/10\/1760221452_475_wide__1000x562.jpeg\" alt=\"Europ\u00e4ische Union: Teilnehmer w\u00e4hrend der von der rechtskonservativen Oppositionspartei PiS organisierten Demonstration gegen irregul\u00e4re Migration auf dem Schlossplatz in Warschau.\"\/><\/p>\n<p>                    Teilnehmer w\u00e4hrend der von der rechtskonservativen Oppositionspartei PiS organisierten Demonstration gegen irregul\u00e4re Migration auf dem Schlossplatz in Warschau.<br \/>\n            \u00a9\u00a0Radek Pietruszka\/\u200bPAP\/\u200bdpa<\/p>\n<p class=\"paragraph article__item\">In <a href=\"https:\/\/www.zeit.de\/thema\/warschau\" class=\"\" target=\"_blank\" rel=\"nofollow noopener\">Warschau<\/a> haben Tausende Menschen gegen irregul\u00e4re Zuwanderung und die Migrationspolitik der <a class=\"rtr-entity\" href=\"https:\/\/www.zeit.de\/thema\/europaeische-union\" rel=\"nofollow noopener\" target=\"_blank\">EU<\/a> demonstriert. Nach Angaben von Reportern der Nachrichtenagentur AFP versammelten sich Teilnehmer aus ganz <a href=\"https:\/\/www.zeit.de\/thema\/polen\" class=\"\" target=\"_blank\" rel=\"nofollow noopener\">Polen<\/a> auf dem Schlossplatz in der Altstadt. Zu dem Protest aufgerufen hatte die <a href=\"https:\/\/www.zeit.de\/thema\/pis\" class=\"\" target=\"_blank\" rel=\"nofollow noopener\">rechtsnationalistische Oppositionspartei Recht und Gerechtigkeit (PiS)<\/a>.\n<\/p>\n<p class=\"paragraph article__item\">Die <a class=\"rtr-entity\" href=\"https:\/\/www.zeit.de\/thema\/pis\" rel=\"nofollow noopener\" target=\"_blank\">PiS<\/a> steht in Opposition zur proeurop\u00e4ischen Regierung von <a href=\"https:\/\/www.zeit.de\/thema\/donald-tusk\" class=\"\" target=\"_blank\" rel=\"nofollow noopener\">Ministerpr\u00e4sident Donald Tusk<\/a> und unterst\u00fctzt den rechtsnationalistischen <a href=\"https:\/\/www.zeit.de\/2025\/24\/karol-nawrocki-polen-praesidentschaftswahl-pis\" class=\"\" target=\"_blank\" rel=\"nofollow noopener\">Pr\u00e4sidenten Karol Nawrocki<\/a>, der Anfang August sein Amt antrat. Beide lehnen <a href=\"https:\/\/www.zeit.de\/thema\/migrationspakt\" class=\"\" target=\"_blank\" rel=\"nofollow noopener\">den EU-Migrationspakt<\/a> ab, der eine Verteilung von Gefl\u00fcchteten innerhalb der Europ\u00e4ischen Union vorsieht.\n<\/p>\n<p class=\"paragraph article__item\">Nawrocki erkl\u00e4rte in einem Brief an EU-Kommissionspr\u00e4sidentin Ursula von der Leyen vor einigen Tagen, <a class=\"rtr-entity\" href=\"https:\/\/www.zeit.de\/thema\/polen\" rel=\"nofollow noopener\" target=\"_blank\">Polen<\/a> habe mit der Aufnahme von etwa einer Million Kriegsfl\u00fcchtlingen aus der Ukraine bereits seinen Beitrag geleistet. Der Pr\u00e4sident k\u00fcndigte an, einer Umsetzung des Migrations- und Asylpakts in Polen nicht zuzustimmen.\n<\/p>\n<p>            Asylpolitik        <\/p>\n<p>Mehr zum Thema<\/p>\n<p>                <a href=\"https:\/\/www.zeit.de\/2025\/38\/wir-schaffen-das-10-jahre-angela-merkel-integration-gefluechtete\" data-ct-label=\"&quot;Wir schaffen das&quot; : Haben wir es geschafft?\" rel=\"nofollow noopener\" target=\"_blank\"><\/p>\n<p>                        &#8222;Wir schaffen das&#8220; :<br \/>\n                        Haben wir es geschafft?<\/p>\n<p>                <\/a><\/p>\n<p>                <a href=\"https:\/\/www.zeit.de\/politik\/deutschland\/2025-08\/eu-asylpolitik-eugh-beschleunigung-asylverfahren-albanien-modell\" data-ct-label=\"EU-Asylpolitik: Recht gegen Macht\" rel=\"nofollow noopener\" target=\"_blank\"><\/p>\n<p>                        EU-Asylpolitik:<br \/>\n                        Recht gegen Macht<\/p>\n<p>                <\/a><\/p>\n<p>                <a href=\"https:\/\/www.zeit.de\/zeit-magazin\/leben\/2025-07\/asylgipfel-zugspitze-migration-abschiebung-eu-laender\" data-ct-label=\"Asylgipfel auf der Zugspitze: Muss die Freiheit wohl grenzenlos sein\" rel=\"nofollow noopener\" target=\"_blank\"><\/p>\n<p>                        Asylgipfel auf der Zugspitze:<br \/>\n                        Muss die Freiheit wohl grenzenlos sein<\/p>\n<p>                <\/a><\/p>\n","protected":false},"excerpt":{"rendered":"In Polens Hauptstadt Warschau haben Tausende Menschen gegen die EU-Migrationspolitik demonstriert. Aufgerufen hatte die rechtskonservative PiS-Partei. Ihr Browser&hellip;\n","protected":false},"author":2,"featured_media":491443,"comment_status":"","ping_status":"","sticky":false,"template":"","format":"standard","meta":{"footnotes":""},"categories":[3933],"tags":[331,332,548,663,158,3934,3935,13,46823,14,15,3918,3917,16,12,14060],"class_list":{"0":"post-491442","1":"post","2":"type-post","3":"status-publish","4":"format-standard","5":"has-post-thumbnail","7":"category-eu","8":"tag-aktuelle-nachrichten","9":"tag-aktuelle-news","10":"tag-eu","11":"tag-europa","12":"tag-europaeische-union","13":"tag-europe","14":"tag-european-union","15":"tag-headlines","16":"tag-karol-nawrocki","17":"tag-nachrichten","18":"tag-news","19":"tag-pis","20":"tag-polen","21":"tag-politik","22":"tag-schlagzeilen","23":"tag-warschau"},"share_on_mastodon":{"url":"https:\/\/pubeurope.com\/@de\/115357880968234627","error":""},"_links":{"self":[{"href":"https:\/\/www.europesays.com\/de\/wp-json\/wp\/v2\/posts\/491442","targetHints":{"allow":["GET"]}}],"collection":[{"href":"https:\/\/www.europesays.com\/de\/wp-json\/wp\/v2\/posts"}],"about":[{"href":"https:\/\/www.europesays.com\/de\/wp-json\/wp\/v2\/types\/post"}],"author":[{"embeddable":true,"href":"https:\/\/www.europesays.com\/de\/wp-json\/wp\/v2\/users\/2"}],"replies":[{"embeddable":true,"href":"https:\/\/www.europesays.com\/de\/wp-json\/wp\/v2\/comments?post=491442"}],"version-history":[{"count":0,"href":"https:\/\/www.europesays.com\/de\/wp-json\/wp\/v2\/posts\/491442\/revisions"}],"wp:featuredmedia":[{"embeddable":true,"href":"https:\/\/www.europesays.com\/de\/wp-json\/wp\/v2\/media\/491443"}],"wp:attachment":[{"href":"https:\/\/www.europesays.com\/de\/wp-json\/wp\/v2\/media?parent=491442"}],"wp:term":[{"taxonomy":"category","embeddable":true,"href":"https:\/\/www.europesays.com\/de\/wp-json\/wp\/v2\/categories?post=491442"},{"taxonomy":"post_tag","embeddable":true,"href":"https:\/\/www.europesays.com\/de\/wp-json\/wp\/v2\/tags?post=491442"}],"curies":[{"name":"wp","href":"https:\/\/api.w.org\/{rel}","templated":true}]}}