{"id":491521,"date":"2025-10-11T23:12:20","date_gmt":"2025-10-11T23:12:20","guid":{"rendered":"https:\/\/www.europesays.com\/de\/491521\/"},"modified":"2025-10-11T23:12:20","modified_gmt":"2025-10-11T23:12:20","slug":"radionutzung-ueber-dab-private-sender-holen-gegenueber-ard-auf","status":"publish","type":"post","link":"https:\/\/www.europesays.com\/de\/491521\/","title":{"rendered":"Radionutzung \u00fcber DAB+: Private Sender holen gegen\u00fcber ARD auf"},"content":{"rendered":"<p>            <img decoding=\"async\" fetchpriority=\"high\" width=\"696\" height=\"400\" data-no-lazy=\"\" class=\"entry-thumb\" src=\"https:\/\/www.europesays.com\/de\/wp-content\/uploads\/2025\/06\/040625-MDR-DAB-696x400.jpg\" alt=\"Zus\u00e4tzliche Kapazit\u00e4ten f\u00fcr DAB+ in Lauenburg.\" title=\"040625 MDR DAB+\"\/><\/p>\n<p><strong>Bei der Verweildauer und der Tagesreichweite von Digitalradio wurden die \u00f6ffentlich-rechtlichen Sender \u00fcberholt.<\/strong><\/p>\n<p>Private H\u00f6rfunkanbieter holen bei der Reichweite \u00fcber DAB+ gegen\u00fcber den \u00f6ffentlich-rechtlichen Sendern auf. Das ist das Ergebnis der k\u00fcrzlich ver\u00f6ffentlichten Studie \u201eAudio Trends 2025\u201c, die die Medienanstalten ver\u00f6ffentlicht haben. Gegen\u00fcber 2024 verzeichneten beide Zuw\u00e4chse. Die ARD legte beim weitesten H\u00f6rerkreis von 17,4 auf 20 Millionen zu, bei den Privaten war das Wachstum von 17,1 auf 19,9 Millionen etwas st\u00e4rker. Unterm Strich sind die Anteile jedoch nahezu gleich. \u00c4hnliches Bild bei der Tagesreichweite: Die ARD kam im Jahresvergleich zu einem Zuwachs von 6,0 auf 7,5 Millionen, bei den Privaten waren es 7,9 Millionen, nach 6,2 Millionen im Vorjahr.<\/p>\n<p>Bereits 157 Millionen Euro investiert<\/p>\n<p>Bei der Verweildauer gab es im Jahresvergleich insgesamt keine Ver\u00e4nderung \u2013 bei der Gegen\u00fcberstellung von ARD und Privaten jedoch umso mehr. W\u00e4hrend n\u00e4mlich bei den \u00d6ffentlich-Rechtlichen die Verweildauer von 136 auf 130 Minuten sank, nahm sie bei den privaten H\u00f6rfunksendern von 136 auf 141 Minuten zu. Kurz gefasst bedeutet das, dass bei der \u00dcbertragung via DAB+ bei den Privaten l\u00e4nger Radio geh\u00f6rt wird als bei der ARD.<\/p>\n<p><img fetchpriority=\"high\" decoding=\"async\" width=\"1500\" height=\"862\" src=\"https:\/\/www.europesays.com\/de\/wp-content\/uploads\/2025\/10\/111025-DAB-Nutzung-ARD-vs-Private.jpg\" alt=\"Radionutzung \u00fcber DAB+: Private Sender holen gegen\u00fcber ARD auf.\" class=\"wp-image-1160741\"\/><\/p>\n<p>Die Privaten liegen also sowohl bei Tagesreichweite als auch bei Verweildauer inzwischen klar vor der ARD. Das ist umso bemerkenswerter, da die \u00f6ffentlich-rechtliche Anstalt massiv in den Ausbau von DAB+ investiert hat. Allein bis 2020 waren es rund 157 Millionen Euro, w\u00e4hrend die Privatsender bis dahin zur\u00fcckhaltend waren und nicht investiert haben. Das gilt teilweise auch mit Blick auf die Zukunft: Die ARD plant, im Zeitraum 2028 mehr als 200 Millionen Euro j\u00e4hrlich in DAB+ zu investieren und daf\u00fcr Geld aus dem linearen Fernsehen abzuziehen.<\/p>\n<p>DAB+ deutlich st\u00e4rker als Webradio<\/p>\n<p>Wenigstens beim Webradio als \u00dcbertragungsweg liegt die ARD mit Blick auf den weitesten H\u00f6rerkreis mit leichten Zuw\u00e4chsen auf 9,8 Millionen klar vor den Privaten. Diese verbuchen leichte R\u00fcckg\u00e4nge auf 7,8 Millionen. Keine Ver\u00e4nderungen gab es bei der Tagesreichweite. Hier liegt die ARD bei 3,3 Millionen, der private Wettbewerb bei 2,1 Millionen. Die Verweildauer bei der ARD blieb mit 104 Minuten quasi stabil im Vergleich zu 2024, bei den Privaten gab es ein Plus auf 118 Minuten.<\/p>\n<p>Insgesamt ist jedoch DAB+ deutlich st\u00e4rker als das Webradio positioniert. Beide zusammen kommen bei der Verweildauer auf einen Anteil von 22 Prozent, davon entfallen 17 auf DAB+ und f\u00fcnf auf das Webradio. Folgerichtig kommen die Studien-Autoren zu dem Schluss: \u201e\u00d6ffentlich-rechtlich wie privat gilt: DAB+ dominiert bei der digitalen Radionutzung klar gegen\u00fcber Webradio.\u201c<\/p>\n<p>Au\u00dferdem interessant:<\/p>\n<p class=\"isc_image_list_title\">Bildquelle:<\/p>\n<ul class=\"isc_image_list\">\n<li>111025 DAB+ Nutzung ARD vs Private: Audio Trends 2025<\/li>\n<li>040625 MDR DAB+: <a href=\"http:\/\/ARD\" target=\"_blank\" rel=\"nofollow\">dabplus<\/a><\/li>\n<\/ul>\n","protected":false},"excerpt":{"rendered":"Bei der Verweildauer und der Tagesreichweite von Digitalradio wurden die \u00f6ffentlich-rechtlichen Sender \u00fcberholt. Private H\u00f6rfunkanbieter holen bei der&hellip;\n","protected":false},"author":2,"featured_media":208253,"comment_status":"","ping_status":"","sticky":false,"template":"","format":"standard","meta":{"footnotes":""},"categories":[1772],"tags":[223,2620,29,3010,214,30,1779,810,109494,123420,215],"class_list":{"0":"post-491521","1":"post","2":"type-post","3":"status-publish","4":"format-standard","5":"has-post-thumbnail","7":"category-musik","8":"tag-ard","9":"tag-dab","10":"tag-deutschland","11":"tag-digitalradio","12":"tag-entertainment","13":"tag-germany","14":"tag-music","15":"tag-musik","16":"tag-privatsender","17":"tag-radionutzung","18":"tag-unterhaltung"},"share_on_mastodon":{"url":"https:\/\/pubeurope.com\/@de\/115358069817044299","error":""},"_links":{"self":[{"href":"https:\/\/www.europesays.com\/de\/wp-json\/wp\/v2\/posts\/491521","targetHints":{"allow":["GET"]}}],"collection":[{"href":"https:\/\/www.europesays.com\/de\/wp-json\/wp\/v2\/posts"}],"about":[{"href":"https:\/\/www.europesays.com\/de\/wp-json\/wp\/v2\/types\/post"}],"author":[{"embeddable":true,"href":"https:\/\/www.europesays.com\/de\/wp-json\/wp\/v2\/users\/2"}],"replies":[{"embeddable":true,"href":"https:\/\/www.europesays.com\/de\/wp-json\/wp\/v2\/comments?post=491521"}],"version-history":[{"count":0,"href":"https:\/\/www.europesays.com\/de\/wp-json\/wp\/v2\/posts\/491521\/revisions"}],"wp:featuredmedia":[{"embeddable":true,"href":"https:\/\/www.europesays.com\/de\/wp-json\/wp\/v2\/media\/208253"}],"wp:attachment":[{"href":"https:\/\/www.europesays.com\/de\/wp-json\/wp\/v2\/media?parent=491521"}],"wp:term":[{"taxonomy":"category","embeddable":true,"href":"https:\/\/www.europesays.com\/de\/wp-json\/wp\/v2\/categories?post=491521"},{"taxonomy":"post_tag","embeddable":true,"href":"https:\/\/www.europesays.com\/de\/wp-json\/wp\/v2\/tags?post=491521"}],"curies":[{"name":"wp","href":"https:\/\/api.w.org\/{rel}","templated":true}]}}