{"id":491940,"date":"2025-10-12T03:35:12","date_gmt":"2025-10-12T03:35:12","guid":{"rendered":"https:\/\/www.europesays.com\/de\/491940\/"},"modified":"2025-10-12T03:35:12","modified_gmt":"2025-10-12T03:35:12","slug":"salesforce-chef-benioff-fuer-einsatz-der-nationalgarde-in-san-francisco","status":"publish","type":"post","link":"https:\/\/www.europesays.com\/de\/491940\/","title":{"rendered":"Salesforce-Chef Benioff f\u00fcr Einsatz der Nationalgarde in San Francisco"},"content":{"rendered":"<p class=\"text-18 leading-17\">Ferner pries Putin die angeblich weltweiten Friedensbem\u00fchungen von US-Pr\u00e4sident Donald Trump. Dieser &#8222;unternimmt wirklich viel, um komplexe Krisen zu l\u00f6sen, die sich \u00fcber Jahre, ja sogar Jahrzehnte hingezogen haben&#8220;, so Putin. Die beiden Staatschefs stehen seit Trumps erneuter Amts\u00fcbernahme im Januar regelm\u00e4\u00dfig in Kontakt. Trump hatte mehrfach angek\u00fcndigt, den Krieg in der <a class=\"transition-colors duration-200 cursor-pointer text-inherit no-underline text-salemsfur md:hover:text-magenta md:hover:border-magenta md:focus:text-magenta border-current border-b border-solid break-words\" href=\"https:\/\/www.t-online.de\/themen\/ukraine\/\" data-sctrack=\"BodyAnchor\" rel=\"nofollow noopener\" target=\"_blank\">Ukraine<\/a> beenden zu wollen. Bisher liefen seine Versuche jedoch ins Leere \u2013 vor allem, weil <a class=\"transition-colors duration-200 cursor-pointer text-inherit no-underline text-salemsfur md:hover:text-magenta md:hover:border-magenta md:focus:text-magenta border-current border-b border-solid break-words\" href=\"https:\/\/www.t-online.de\/themen\/russland\/\" data-sctrack=\"BodyAnchor\" rel=\"nofollow noopener\" target=\"_blank\">Russland<\/a> an Maximalforderungen f\u00fcr Gebietsabtretungen der Ukraine festh\u00e4lt.<\/p>\n<p class=\"text-18 leading-17\">Die US-Regierung hat UN-Staaten wegen eines Klimaplans f\u00fcr die Schifffahrt mit Sanktionen und Visa-Beschr\u00e4nkungen gedroht. In der kommenden Woche wollen die UN-Mitgliedstaaten \u00fcber einen Vorschlag der Internationalen Seeschifffahrts-Organisation (IMO) abstimmen.<\/p>\n<p class=\"text-18 leading-17\">Dieser sieht vor, die klimasch\u00e4dlichen Treibhausgasemissionen der internationalen Schifffahrt zu reduzieren. &#8222;Die Regierung lehnt diesen Vorschlag der IMO eindeutig ab und wird keine Ma\u00dfnahmen tolerieren, die die Kosten f\u00fcr unsere B\u00fcrger, Energieversorger, Schifffahrtsunternehmen und deren Kunden oder Touristen erh\u00f6hen&#8220;, teilten US-Au\u00dfenminister Marco Rubio, US-Energieminister Chris Wright und US-Verkehrsminister Sean Duffy in einer gemeinsamen Erkl\u00e4rung am Freitag (Ortszeit) mit. Die USA erw\u00e4gen demnach, Schiffen aus den betreffenden L\u00e4ndern die Einfahrt in US-H\u00e4fen zu verwehren, Visa-Beschr\u00e4nkungen zu verh\u00e4ngen und Beamte mit Sanktionen zu belegen. Die internationale Schifffahrt ist f\u00fcr rund 80 Prozent des Welthandels und f\u00fcr knapp drei Prozent der weltweiten Treibhausgasemissionen verantwortlich.<\/p>\n","protected":false},"excerpt":{"rendered":"Ferner pries Putin die angeblich weltweiten Friedensbem\u00fchungen von US-Pr\u00e4sident Donald Trump. Dieser &#8222;unternimmt wirklich viel, um komplexe Krisen&hellip;\n","protected":false},"author":2,"featured_media":491941,"comment_status":"","ping_status":"","sticky":false,"template":"","format":"standard","meta":{"footnotes":"","_share_on_mastodon":"0"},"categories":[134],"tags":[1217,326,7797,522,123484,1912,175,227,170,169,29,106,23430,72170,30,6555,123483,105747,171,174,123485,453,3129,1614,121,1555,118793,104289,7895,105,3111,173,172,70013,64,306],"class_list":["post-491940","post","type-post","status-publish","format-standard","has-post-thumbnail","category-unternehmen-maerkte","tag-1217","tag-326","tag-7797","tag-522","tag-anthony-albanese","tag-australien","tag-business","tag-china","tag-companies","tag-companies-markets","tag-deutschland","tag-donald-trump","tag-friedensbemuehung","tag-friedensnobelpreis","tag-germany","tag-joe-biden","tag-marc-benioff","tag-maria-corina-machado","tag-markets","tag-maerkte","tag-matt-dorsey","tag-new-york-times","tag-newsblog","tag-peking","tag-polizei","tag-republikaner","tag-russell-vought","tag-salesforce","tag-san-francisco","tag-seltene-erden","tag-truth-social","tag-unternehmen","tag-unternehmen-maerkte","tag-ups","tag-usa","tag-wladimir-putin"],"share_on_mastodon":{"url":"","error":"Validation failed: Text character limit of 500 exceeded"},"_links":{"self":[{"href":"https:\/\/www.europesays.com\/de\/wp-json\/wp\/v2\/posts\/491940","targetHints":{"allow":["GET"]}}],"collection":[{"href":"https:\/\/www.europesays.com\/de\/wp-json\/wp\/v2\/posts"}],"about":[{"href":"https:\/\/www.europesays.com\/de\/wp-json\/wp\/v2\/types\/post"}],"author":[{"embeddable":true,"href":"https:\/\/www.europesays.com\/de\/wp-json\/wp\/v2\/users\/2"}],"replies":[{"embeddable":true,"href":"https:\/\/www.europesays.com\/de\/wp-json\/wp\/v2\/comments?post=491940"}],"version-history":[{"count":0,"href":"https:\/\/www.europesays.com\/de\/wp-json\/wp\/v2\/posts\/491940\/revisions"}],"wp:featuredmedia":[{"embeddable":true,"href":"https:\/\/www.europesays.com\/de\/wp-json\/wp\/v2\/media\/491941"}],"wp:attachment":[{"href":"https:\/\/www.europesays.com\/de\/wp-json\/wp\/v2\/media?parent=491940"}],"wp:term":[{"taxonomy":"category","embeddable":true,"href":"https:\/\/www.europesays.com\/de\/wp-json\/wp\/v2\/categories?post=491940"},{"taxonomy":"post_tag","embeddable":true,"href":"https:\/\/www.europesays.com\/de\/wp-json\/wp\/v2\/tags?post=491940"}],"curies":[{"name":"wp","href":"https:\/\/api.w.org\/{rel}","templated":true}]}}