{"id":492506,"date":"2025-10-12T09:12:19","date_gmt":"2025-10-12T09:12:19","guid":{"rendered":"https:\/\/www.europesays.com\/de\/492506\/"},"modified":"2025-10-12T09:12:19","modified_gmt":"2025-10-12T09:12:19","slug":"nach-toedlichem-unfall-verkehrsexperten-empfehlen-autofahrern-hollaendischen-griff-zum-schutz-von-radfahrern","status":"publish","type":"post","link":"https:\/\/www.europesays.com\/de\/492506\/","title":{"rendered":"Nach t\u00f6dlichem Unfall: Verkehrsexperten empfehlen Autofahrern \u201eholl\u00e4ndischen Griff\u201c zum Schutz von Radfahrern"},"content":{"rendered":"<p>Nach dem t\u00f6dlichen Unfall der Schauspielerin Wanda Perdelwitz fordern ADFC und VCD mehr Schutz f\u00fcr Radfahrende. Der \u201eholl\u00e4ndische Griff\u201c beim T\u00fcr\u00f6ffnen soll helfen, Unf\u00e4lle zu vermeiden. Gefordert werden auch baulich getrennte Radwege und gr\u00f6\u00dfere Abst\u00e4nde zu Parkzonen.<\/p>\n<p class=\"is-first-paragraph\" data-external=\"Article.FirstParagraph\">Nach dem t\u00f6dlichen Unfall der Schauspielerin Wanda Perdelwitz in der Hamburger Innenstadt fordern Experten mehr Sicherheit auf Radwegen. \u201eDooring-Unf\u00e4lle\u201c, bei denen Radfahrer mit pl\u00f6tzlich ge\u00f6ffneten Autot\u00fcren kollidieren, n\u00e4hmen zuletzt sp\u00fcrbar zu, sagt Dirk Lau, der Sprecher des Allgemeinen Deutschen Fahrrad-Clubs (ADFC) in Hamburg.<\/p>\n<p>\u201eWir fordern, dass die Radwege deutlich von der Fahrbahn f\u00fcr Autos getrennt werden\u201c, sagt der ADFC-Sprecher. Auch eine st\u00e4rkere Verkehrsberuhigung sei dringend n\u00f6tig.<\/p>\n<p>\u201eHoll\u00e4ndischer Griff\u201c soll Leben retten<\/p>\n<p>Lau r\u00e4t von Autofahrern auch, den \u201eholl\u00e4ndischen Griff\u201c zu beherzigen. Dabei wird die T\u00fcr mit der jeweils entfernteren Hand ge\u00f6ffnet \u2013 etwa die Fahrert\u00fcr mit der rechten Hand. Durch diese Bewegung muss sich der Oberk\u00f6rper drehen, wodurch der Blick automatisch \u00fcber die Schulter f\u00e4llt \u2013 m\u00f6gliche Radfahrer werden so fr\u00fcher erkannt.<\/p>\n<p>Die Methode wurde in den 1970er Jahren in den Niederlanden als Reaktion auf die hohe Zahl an schweren \u201eDooring\u201c-Verkehrsunf\u00e4llen eingef\u00fchrt und ist seitdem g\u00e4ngige Praxis in unserem Nachbarland, wo sehr viele Menschen mit dem Rad fahren.<\/p>\n<p>Auch Anika Meenken, die Sprecherin f\u00fcr Radverkehr beim Verkehrsclub Deutschland (VCD), ruft Autofahrer dazu auf, beim Aussteigen den \u201eholl\u00e4ndischen Griff\u201c zu beachten, um solche schrecklichen Unf\u00e4lle zu vermeiden. Jeder f\u00fcnfte Fahrradunfall stehe im Zusammenhang mit stehenden oder geparkten Autos.<\/p>\n<p>\u201eWenn wir das Ziel Vision Zero \u2212 keine Get\u00f6teten oder Verletzten im Stra\u00dfenverkehr \u2212 ernst nehmen, bauen wir eine Infrastruktur, die Fehler verzeiht\u201c, sagt Meenken. Das bedeute, sichere und gesch\u00fctzte Radwege m\u00fcssten mit einem Abstand von etwa einem Meter zu Parkstreifen f\u00fcr Autos gebaut werden. \u201eDa m\u00fcssen wir mehr tun\u201c, sagt die VCD-Expertin.<\/p>\n<p>Radfahrer sollten beim Vorbeifahren an parkenden oder stehenden Autos, wenn m\u00f6glich, mindestens einen Meter Abstand halten, r\u00e4t Meenken. Oft sind Fahrradwege daf\u00fcr aber zu schmal.<\/p>\n<p>dpa\/ceb<\/p>\n","protected":false},"excerpt":{"rendered":"Nach dem t\u00f6dlichen Unfall der Schauspielerin Wanda Perdelwitz fordern ADFC und VCD mehr Schutz f\u00fcr Radfahrende. Der \u201eholl\u00e4ndische&hellip;\n","protected":false},"author":2,"featured_media":492507,"comment_status":"","ping_status":"","sticky":false,"template":"","format":"standard","meta":{"footnotes":""},"categories":[5],"tags":[692,13,14,15,110,2465,12,634,10,8,9,11,123604],"class_list":{"0":"post-492506","1":"post","2":"type-post","3":"status-publish","4":"format-standard","5":"has-post-thumbnail","7":"category-nachrichten","8":"tag-hamburg","9":"tag-headlines","10":"tag-nachrichten","11":"tag-news","12":"tag-newsteam","13":"tag-radfahrer","14":"tag-schlagzeilen","15":"tag-strassenverkehr","16":"tag-top-news","17":"tag-top-meldungen","18":"tag-topmeldungen","19":"tag-topnews","20":"tag-ungluecke-im-strassenverkehr-ks"},"share_on_mastodon":{"url":"https:\/\/pubeurope.com\/@de\/115360428431103400","error":""},"_links":{"self":[{"href":"https:\/\/www.europesays.com\/de\/wp-json\/wp\/v2\/posts\/492506","targetHints":{"allow":["GET"]}}],"collection":[{"href":"https:\/\/www.europesays.com\/de\/wp-json\/wp\/v2\/posts"}],"about":[{"href":"https:\/\/www.europesays.com\/de\/wp-json\/wp\/v2\/types\/post"}],"author":[{"embeddable":true,"href":"https:\/\/www.europesays.com\/de\/wp-json\/wp\/v2\/users\/2"}],"replies":[{"embeddable":true,"href":"https:\/\/www.europesays.com\/de\/wp-json\/wp\/v2\/comments?post=492506"}],"version-history":[{"count":0,"href":"https:\/\/www.europesays.com\/de\/wp-json\/wp\/v2\/posts\/492506\/revisions"}],"wp:featuredmedia":[{"embeddable":true,"href":"https:\/\/www.europesays.com\/de\/wp-json\/wp\/v2\/media\/492507"}],"wp:attachment":[{"href":"https:\/\/www.europesays.com\/de\/wp-json\/wp\/v2\/media?parent=492506"}],"wp:term":[{"taxonomy":"category","embeddable":true,"href":"https:\/\/www.europesays.com\/de\/wp-json\/wp\/v2\/categories?post=492506"},{"taxonomy":"post_tag","embeddable":true,"href":"https:\/\/www.europesays.com\/de\/wp-json\/wp\/v2\/tags?post=492506"}],"curies":[{"name":"wp","href":"https:\/\/api.w.org\/{rel}","templated":true}]}}