{"id":492781,"date":"2025-10-12T11:43:28","date_gmt":"2025-10-12T11:43:28","guid":{"rendered":"https:\/\/www.europesays.com\/de\/492781\/"},"modified":"2025-10-12T11:43:28","modified_gmt":"2025-10-12T11:43:28","slug":"neue-anonyme-schau-kunsthaus-bregenz-verraet-kuenstleridentitaet-nicht","status":"publish","type":"post","link":"https:\/\/www.europesays.com\/de\/492781\/","title":{"rendered":"Neue anonyme Schau &#8211; Kunsthaus Bregenz verr\u00e4t K\u00fcnstleridentit\u00e4t nicht"},"content":{"rendered":"<p>So etwas passiert nicht alle Tage: Bei der Pressekonferenz des Kunsthaus Bregenz am Donnerstag konnten Fragen gestellt werden \u2013 jener Person, die die neue Schau gestaltet hat. Wer das ist, bleibt aber geheim. Ein Simultan\u00fcbersetzer, der telefonisch mit dem K\u00fcnstler, der K\u00fcnstlerin verbunden war, beantwortete die Fragen der Journalisten. Es war ausdr\u00fccklicher Wunsch der \u201ePerson\u201c, anonym zu bleiben. Damit wirft die Ausstellung einige Fragen auf, die fehlende Autorschaft hinterl\u00e4sst gleich an mehreren Ecken und Enden L\u00fccken.<\/p>\n","protected":false},"excerpt":{"rendered":"So etwas passiert nicht alle Tage: Bei der Pressekonferenz des Kunsthaus Bregenz am Donnerstag konnten Fragen gestellt werden&hellip;\n","protected":false},"author":2,"featured_media":492782,"comment_status":"","ping_status":"","sticky":false,"template":"","format":"standard","meta":{"footnotes":""},"categories":[1775],"tags":[1793,34871,29,214,49926,30,1794,123085,13344,123086,215],"class_list":{"0":"post-492781","1":"post","2":"type-post","3":"status-publish","4":"format-standard","5":"has-post-thumbnail","7":"category-kunst-und-design","8":"tag-art-and-design","9":"tag-arts-entertainment","10":"tag-deutschland","11":"tag-entertainment","12":"tag-events-listings","13":"tag-germany","14":"tag-kunst-und-design","15":"tag-kunsthaus-bregenz","16":"tag-other","17":"tag-thomas-d-trummer","18":"tag-unterhaltung"},"share_on_mastodon":{"url":"https:\/\/pubeurope.com\/@de\/115361022269127075","error":""},"_links":{"self":[{"href":"https:\/\/www.europesays.com\/de\/wp-json\/wp\/v2\/posts\/492781","targetHints":{"allow":["GET"]}}],"collection":[{"href":"https:\/\/www.europesays.com\/de\/wp-json\/wp\/v2\/posts"}],"about":[{"href":"https:\/\/www.europesays.com\/de\/wp-json\/wp\/v2\/types\/post"}],"author":[{"embeddable":true,"href":"https:\/\/www.europesays.com\/de\/wp-json\/wp\/v2\/users\/2"}],"replies":[{"embeddable":true,"href":"https:\/\/www.europesays.com\/de\/wp-json\/wp\/v2\/comments?post=492781"}],"version-history":[{"count":0,"href":"https:\/\/www.europesays.com\/de\/wp-json\/wp\/v2\/posts\/492781\/revisions"}],"wp:featuredmedia":[{"embeddable":true,"href":"https:\/\/www.europesays.com\/de\/wp-json\/wp\/v2\/media\/492782"}],"wp:attachment":[{"href":"https:\/\/www.europesays.com\/de\/wp-json\/wp\/v2\/media?parent=492781"}],"wp:term":[{"taxonomy":"category","embeddable":true,"href":"https:\/\/www.europesays.com\/de\/wp-json\/wp\/v2\/categories?post=492781"},{"taxonomy":"post_tag","embeddable":true,"href":"https:\/\/www.europesays.com\/de\/wp-json\/wp\/v2\/tags?post=492781"}],"curies":[{"name":"wp","href":"https:\/\/api.w.org\/{rel}","templated":true}]}}