{"id":492975,"date":"2025-10-12T13:31:19","date_gmt":"2025-10-12T13:31:19","guid":{"rendered":"https:\/\/www.europesays.com\/de\/492975\/"},"modified":"2025-10-12T13:31:19","modified_gmt":"2025-10-12T13:31:19","slug":"waffenruhe-in-kraft-so-sieht-der-fahrplan-nahost-jetzt-aus","status":"publish","type":"post","link":"https:\/\/www.europesays.com\/de\/492975\/","title":{"rendered":"Waffenruhe in Kraft &#8211; so sieht der Fahrplan Nahost jetzt aus"},"content":{"rendered":"<p>Nahost<\/p>\n<p>Tel Aviv (Gaza) &#8211; Im Gaza-Krieg ist eine Waffenruhe in Kraft getreten, und ein Besuch von US-Pr\u00e4sident Donald Trump in der Region steht am Montag bevor. Die israelischen Truppen haben sich Armeeangaben zufolge zu den vereinbarten Demarkationslinien zur\u00fcckgezogen, kontrollieren aber weiterhin mehr als die H\u00e4lfte des Gazastreifens. So geht es nun weiter:<\/p>\n<ul class=\"list-normal\">\n<li>Eine 72 Stunden lange Frist zur Freilassung der Geiseln l\u00e4uft am Montagmittag ab. Aus Kreisen der Hamas hie\u00df es, die Terrororganisation werde alle lebenden und m\u00f6glichst auch die toten Geiseln bis sp\u00e4testens Montagmorgen 5.00 Uhr MESZ \u00fcbergeben. Nach israelischen Berichten k\u00f6nnte dies bereits vorher geschehen. Die R\u00fcckkehr soll vom Internationalen Komitee vom Roten Kreuz ohne \u00f6ffentliche Zeremonie und ohne Medienvertreter organisiert werden. Nach Treffen mit Angeh\u00f6rigen und einer ersten \u00e4rztlichen Untersuchung im Milit\u00e4rlager Reim am Rande des Gazastreifens werden die Freigelassenen dann voraussichtlich in Krankenh\u00e4user geflogen.\u00a0<br \/>\u00a0<\/li>\n<li>Israel soll im Gegenzug laut Trumps Friedensplan rund 250 wegen schwerer Straftaten zu lebenslanger Haft verurteilte pal\u00e4stinensische H\u00e4ftlinge und etwa 1.700 weitere Pal\u00e4stinenser freilassen, die nach dem Massaker am 7. Oktober 2023 inhaftiert wurden. Nach israelischen Medienberichten ver\u00f6ffentlichte das Justizministerium eine Namensliste der 250 Pal\u00e4stinenser, von denen viele an t\u00f6dlichen Anschl\u00e4gen auf Israelis beteiligt waren. Bis zuletzt herrschte den Berichten zufolge aber Uneinigkeit zwischen Israel und der Hamas \u00fcber Namen auf der Liste.\u00a0<br \/>\u00a0<\/li>\n<li>Im Rahmen der Vereinbarung werden die Hilfslieferungen in den Gazastreifen ausgeweitet &#8211; nach Angaben beider Seiten fahren in der ersten Phase rund 600 Lkw mit humanit\u00e4rer Hilfe pro Tag ein. Zuletzt kamen nach Angaben der f\u00fcr Pal\u00e4stinenserangelegenheiten zust\u00e4ndigen israelischen Beh\u00f6rde Cogat t\u00e4glich im Schnitt rund 300 Lastwagen mit Hilfslieferungen, in den Wochen zuvor waren es rund 200.<br \/>\u00a0<\/li>\n<li>Voraussichtlich bis Dienstag soll der Grenz\u00fcbergang Rafah nach \u00c4gypten wieder f\u00fcr den zivilen Personenverkehr oder f\u00fcr den Transport von Verwundeten ge\u00f6ffnet werden. Auch die R\u00fcckkehr von vertriebenen Pal\u00e4stinensern sollte dann wieder m\u00f6glich sein.<br \/>\u00a0<\/li>\n<li>In einer zweiten Verhandlungsphase sollen dann weitere Streitpunkte gekl\u00e4rt werden, mit dem Ziel, den Krieg vollst\u00e4ndig zu beenden. So sollen sich die israelischen Soldaten weiter aus dem Gazastreifen zur\u00fcckziehen und von ihnen gehaltene Gebiete an eine internationale Stabilisierungstruppe, die f\u00fcr Sicherheit sorgen soll, \u00fcbergeben werden. Der Plan sieht auch eine Entwaffnung der Hamas vor. Das lehnt die Terrororganisation bislang ab. Sollte es in der Frage keine Einigung geben, k\u00f6nnte der Krieg wieder ausbrechen.\u00a0<br \/>\u00a0<\/li>\n<li>Die USA planen, ein Kontrollzentrum zur \u00dcberwachung des Abkommens einzurichten. Sie haben daf\u00fcr einem Bericht zufolge bereits Soldaten nach Israel geschickt. Der Sender ABC meldete unter Berufung auf zwei US-Regierungsvertreter, US-Soldaten seien bereits in Israel eingetroffen. Zuvor hatte das Wei\u00dfe Haus mitgeteilt, daf\u00fcr 200 Soldaten entsenden zu wollen. Sie werden demnach nicht im Gazastreifen selbst eingesetzt. Auch andere Staaten, darunter \u00c4gypten, Katar und die T\u00fcrkei, sollen bei dem Kontrollzentrum mitwirken.<br \/>\u00a0<\/li>\n<li>US-Pr\u00e4sident Trump wird am Montagmorgen in Israel erwartet. Er ist eingeladen worden, vor dem israelischen Parlament, der Knesset, eine Rede zu halten. Trump k\u00f6nnte auch bei der Freilassung der Geiseln vor Ort sein. Er will anschlie\u00dfend nach \u00c4gypten reisen, um dort am Nachmittag an einer offiziellen Zeremonie anl\u00e4sslich der m\u00fchsam errungenen Einigung teilzunehmen. An dem Spitzentreffen von gut 20 Staats- und Regierungschefs nimmt auch Bundeskanzler Friedrich Merz (CDU) teil.\u00a0<\/li>\n<\/ul>\n<p>\u00a9 dpa-infocom, dpa:251012-930-153231\/1<\/p>\n","protected":false},"excerpt":{"rendered":"Nahost Tel Aviv (Gaza) &#8211; Im Gaza-Krieg ist eine Waffenruhe in Kraft getreten, und ein Besuch von US-Pr\u00e4sident&hellip;\n","protected":false},"author":2,"featured_media":492976,"comment_status":"","ping_status":"","sticky":false,"template":"","format":"standard","meta":{"footnotes":""},"categories":[1841],"tags":[1605,3364,29,30,411,8221,4046,1209,40001],"class_list":{"0":"post-492975","1":"post","2":"type-post","3":"status-publish","4":"format-standard","5":"has-post-thumbnail","7":"category-bielefeld","8":"tag-bielefeld","9":"tag-de","10":"tag-deutschland","11":"tag-germany","12":"tag-israel","13":"tag-konflikte","14":"tag-krieg","15":"tag-nordrhein-westfalen","16":"tag-palaestinensische-gebiete"},"share_on_mastodon":{"url":"https:\/\/pubeurope.com\/@de\/115361446901723327","error":""},"_links":{"self":[{"href":"https:\/\/www.europesays.com\/de\/wp-json\/wp\/v2\/posts\/492975","targetHints":{"allow":["GET"]}}],"collection":[{"href":"https:\/\/www.europesays.com\/de\/wp-json\/wp\/v2\/posts"}],"about":[{"href":"https:\/\/www.europesays.com\/de\/wp-json\/wp\/v2\/types\/post"}],"author":[{"embeddable":true,"href":"https:\/\/www.europesays.com\/de\/wp-json\/wp\/v2\/users\/2"}],"replies":[{"embeddable":true,"href":"https:\/\/www.europesays.com\/de\/wp-json\/wp\/v2\/comments?post=492975"}],"version-history":[{"count":0,"href":"https:\/\/www.europesays.com\/de\/wp-json\/wp\/v2\/posts\/492975\/revisions"}],"wp:featuredmedia":[{"embeddable":true,"href":"https:\/\/www.europesays.com\/de\/wp-json\/wp\/v2\/media\/492976"}],"wp:attachment":[{"href":"https:\/\/www.europesays.com\/de\/wp-json\/wp\/v2\/media?parent=492975"}],"wp:term":[{"taxonomy":"category","embeddable":true,"href":"https:\/\/www.europesays.com\/de\/wp-json\/wp\/v2\/categories?post=492975"},{"taxonomy":"post_tag","embeddable":true,"href":"https:\/\/www.europesays.com\/de\/wp-json\/wp\/v2\/tags?post=492975"}],"curies":[{"name":"wp","href":"https:\/\/api.w.org\/{rel}","templated":true}]}}