{"id":493009,"date":"2025-10-12T13:48:24","date_gmt":"2025-10-12T13:48:24","guid":{"rendered":"https:\/\/www.europesays.com\/de\/493009\/"},"modified":"2025-10-12T13:48:24","modified_gmt":"2025-10-12T13:48:24","slug":"frank-weiland-ist-der-fachmann-fuer-pilze","status":"publish","type":"post","link":"https:\/\/www.europesays.com\/de\/493009\/","title":{"rendered":"Frank Weiland ist der Fachmann f\u00fcr Pilze"},"content":{"rendered":"<p class=\"text_ohne_einzug richtext text-em-55 !leading-serif mx-6 desktop:mx-0\"> Wer am Stand von Frank Weiland auf dem Moerser Wochenmarkt vorbeigeht, erlebt die Vielfalt, die Pilze bieten. Im Angebot hat er Zuchtpilze und solche kulinarischen Leckerbissen wie Pfifferlinge, Steinpilze und Maronen, die aus der Natur stammen. \u201ePfifferlinge lassen sich nicht z\u00fcchten wie auch der Steinpilz nicht. Sie brauchen im Umfeld B\u00e4ume wie Eichen oder Fichten. Anders sieht es bei Champignons, Austernpilzen oder Kr\u00e4uterseitlingen aus, die aus Zuchtbetrieben stammen\u201c, sagt Pilzfachmann Frank Weiland.<\/p>\n","protected":false},"excerpt":{"rendered":"Wer am Stand von Frank Weiland auf dem Moerser Wochenmarkt vorbeigeht, erlebt die Vielfalt, die Pilze bieten. Im&hellip;\n","protected":false},"author":2,"featured_media":493010,"comment_status":"","ping_status":"","sticky":false,"template":"","format":"standard","meta":{"footnotes":""},"categories":[1838],"tags":[3807,4652,123695,123707,123698,123706,3364,29,3715,4788,18022,156,30,106329,123700,1209,123699,113048,10004,123703,123708,123702,93263,32571,98766,120985,123701,123705,123694,12043,123704,123696,123697],"class_list":{"0":"post-493009","1":"post","2":"type-post","3":"status-publish","4":"format-standard","5":"has-post-thumbnail","7":"category-duisburg","8":"tag-moers","9":"tag-wald","10":"tag-100g","11":"tag-austernpilze","12":"tag-austernpilzen","13":"tag-birkenpilz","14":"tag-de","15":"tag-deutschland","16":"tag-duisburg","17":"tag-euro","18":"tag-frank","19":"tag-frankreich","20":"tag-germany","21":"tag-knollenblaetterpilz","22":"tag-naturpilzen","23":"tag-nordrhein-westfalen","24":"tag-osteuropaeischen","25":"tag-pfifferling","26":"tag-pilz","27":"tag-pilzbestimmungsbuch","28":"tag-pilzfreunde","29":"tag-pilzgewuerzmischung","30":"tag-pilzvergiftung","31":"tag-sammeln","32":"tag-stammen","33":"tag-steinpilze","34":"tag-steinpilzmehl","35":"tag-waldpilz","36":"tag-weiland","37":"tag-wochenmarkt","38":"tag-wochenmarktbeschickern","39":"tag-zuchtpilze","40":"tag-zuchtpilzen"},"share_on_mastodon":{"url":"https:\/\/pubeurope.com\/@de\/115361513862169236","error":""},"_links":{"self":[{"href":"https:\/\/www.europesays.com\/de\/wp-json\/wp\/v2\/posts\/493009","targetHints":{"allow":["GET"]}}],"collection":[{"href":"https:\/\/www.europesays.com\/de\/wp-json\/wp\/v2\/posts"}],"about":[{"href":"https:\/\/www.europesays.com\/de\/wp-json\/wp\/v2\/types\/post"}],"author":[{"embeddable":true,"href":"https:\/\/www.europesays.com\/de\/wp-json\/wp\/v2\/users\/2"}],"replies":[{"embeddable":true,"href":"https:\/\/www.europesays.com\/de\/wp-json\/wp\/v2\/comments?post=493009"}],"version-history":[{"count":0,"href":"https:\/\/www.europesays.com\/de\/wp-json\/wp\/v2\/posts\/493009\/revisions"}],"wp:featuredmedia":[{"embeddable":true,"href":"https:\/\/www.europesays.com\/de\/wp-json\/wp\/v2\/media\/493010"}],"wp:attachment":[{"href":"https:\/\/www.europesays.com\/de\/wp-json\/wp\/v2\/media?parent=493009"}],"wp:term":[{"taxonomy":"category","embeddable":true,"href":"https:\/\/www.europesays.com\/de\/wp-json\/wp\/v2\/categories?post=493009"},{"taxonomy":"post_tag","embeddable":true,"href":"https:\/\/www.europesays.com\/de\/wp-json\/wp\/v2\/tags?post=493009"}],"curies":[{"name":"wp","href":"https:\/\/api.w.org\/{rel}","templated":true}]}}