{"id":493026,"date":"2025-10-12T13:57:13","date_gmt":"2025-10-12T13:57:13","guid":{"rendered":"https:\/\/www.europesays.com\/de\/493026\/"},"modified":"2025-10-12T13:57:13","modified_gmt":"2025-10-12T13:57:13","slug":"werder-bremen-star-erklaert-besonderen-vornamen-sport","status":"publish","type":"post","link":"https:\/\/www.europesays.com\/de\/493026\/","title":{"rendered":"Werder Bremen: Star erkl\u00e4rt besonderen Vornamen | Sport"},"content":{"rendered":"<p>Er spielt f\u00fcr die Schweizer Nationalmannschaft, doch Isaac Schmidt (25) h\u00e4tte auch f\u00fcr Nigeria auflaufen k\u00f6nnen. Die Mutter des Werder-Neuzugangs kommt aus dem afrikanischen Land, das bei Werder mit Schmidt, Felix Agu (26), Victor <a href=\"https:\/\/www.bild.de\/sport\/fussball\/werder-bremen-das-boniface-raetsel-warum-wird-der-star-nicht-fit-68da8b533204c86ca0ddcf79\" class=\"text-link\" target=\"_blank\" rel=\"noopener\">Boniface<\/a> (24) und Wesley Adeh (18) in dieser Saison besonders prominent vertreten ist.<\/p>\n<p><b>W\u00e4hrend die Vornamen der Kollegen relativ g\u00e4ngig sind, sticht vor allem Schmidts Zweitname ins Auge. Der Verteidiger hei\u00dft n\u00e4mlich Isaac Osa&#8217;s. W\u00e4hrend in Deutschland kaum jemand die Bedeutung dahinter kennen d\u00fcrfte, ist der Name in Nigeria sehr g\u00e4ngig. \u201eOsa\u2018s hei\u00dft Gott. Bei uns beginnen deshalb hei\u00dfen in Nigeria sehr viele M\u00e4nner so oder haben das Wort zumindest in ihrem Namen verbaut\u201c, verr\u00e4t Schmidt gegen\u00fcber BILD.<\/b><\/p>\n<p>Der neue Millionen-St\u00fcrmer: Boniface-R\u00e4tsel bei Werder<a class=\"anchor video-teaser__anchor\" href=\"https:\/\/www.bild.de\/sport\/fussball\/der-neue-millionen-stuermer-boniface-raetsel-bei-werder-68cf08215d604c6d7adad191\" target=\"_blank\" rel=\"noopener\"><img decoding=\"async\" width=\"992\" height=\"558\" alt=\"Teaser-Bild\" src=\"https:\/\/www.europesays.com\/de\/wp-content\/uploads\/2025\/09\/4ba6dc3dfd6f5394339cc58f1310fb28-landscape,1c6560be\"   class=\"landscape teaser__image\" loading=\"lazy\"\/><\/a><\/p>\n<p>Quelle: BILD21.09.2025<\/p>\n<p>Werder-Star Isaac Schmidt erkl\u00e4rt besonderen Vornamen<\/p>\n<p>So auch bei dem Nationalspieler. \u201eOsa\u2019s ist bei mir aber nur eine Abk\u00fcrzung. Mein ganzer Zweitname ist Osayimori\u201c, verr\u00e4t Schmidt, der sich in seiner Heimat sehr wohlf\u00fchlt.<\/p>\n<p>Hinter Schmidt liegt sportlich kein einfaches Jahr. Der Neuzugang spielte bei Leeds kaum (71 Zweitliga-Minuten). Dass er trotzdem f\u00fcr die Nationalmannschaft nominiert wurde, \u00fcberrascht deshalb.<\/p>\n<p><b>Doch warum wurde es eigentlich die Schweiz und nicht Nigeria? \u201eIch bin dem Land sehr verbunden und war auch schon ein paar Mal da. Kontakt zur nigerianischen Nationalmannschaft hat es aber nie gegeben\u201c, verr\u00e4t Schmidt, der aktuell f\u00fcr die Spiele gegen Schweden (2:0) und Slowenien (13.10.) zur \u201eNati\u201c gereist ist.<\/b><\/p>\n<p>Mehr zum Thema<\/p>\n","protected":false},"excerpt":{"rendered":"Er spielt f\u00fcr die Schweizer Nationalmannschaft, doch Isaac Schmidt (25) h\u00e4tte auch f\u00fcr Nigeria auflaufen k\u00f6nnen. Die Mutter&hellip;\n","protected":false},"author":2,"featured_media":493027,"comment_status":"","ping_status":"","sticky":false,"template":"","format":"standard","meta":{"footnotes":""},"categories":[1824],"tags":[123712,105876,2420,3364,29,538,30,73740,542,45,537],"class_list":{"0":"post-493026","1":"post","2":"type-post","3":"status-publish","4":"format-standard","5":"has-post-thumbnail","7":"category-bremen","8":"tag-agu-felix","9":"tag-boniface-victor","10":"tag-bremen","11":"tag-de","12":"tag-deutschland","13":"tag-erste-bundesliga","14":"tag-germany","15":"tag-name","16":"tag-sport-leuchtturm-hamburg","17":"tag-texttospeech","18":"tag-werder-bremen"},"share_on_mastodon":{"url":"https:\/\/pubeurope.com\/@de\/115361549943698318","error":""},"_links":{"self":[{"href":"https:\/\/www.europesays.com\/de\/wp-json\/wp\/v2\/posts\/493026","targetHints":{"allow":["GET"]}}],"collection":[{"href":"https:\/\/www.europesays.com\/de\/wp-json\/wp\/v2\/posts"}],"about":[{"href":"https:\/\/www.europesays.com\/de\/wp-json\/wp\/v2\/types\/post"}],"author":[{"embeddable":true,"href":"https:\/\/www.europesays.com\/de\/wp-json\/wp\/v2\/users\/2"}],"replies":[{"embeddable":true,"href":"https:\/\/www.europesays.com\/de\/wp-json\/wp\/v2\/comments?post=493026"}],"version-history":[{"count":0,"href":"https:\/\/www.europesays.com\/de\/wp-json\/wp\/v2\/posts\/493026\/revisions"}],"wp:featuredmedia":[{"embeddable":true,"href":"https:\/\/www.europesays.com\/de\/wp-json\/wp\/v2\/media\/493027"}],"wp:attachment":[{"href":"https:\/\/www.europesays.com\/de\/wp-json\/wp\/v2\/media?parent=493026"}],"wp:term":[{"taxonomy":"category","embeddable":true,"href":"https:\/\/www.europesays.com\/de\/wp-json\/wp\/v2\/categories?post=493026"},{"taxonomy":"post_tag","embeddable":true,"href":"https:\/\/www.europesays.com\/de\/wp-json\/wp\/v2\/tags?post=493026"}],"curies":[{"name":"wp","href":"https:\/\/api.w.org\/{rel}","templated":true}]}}