{"id":493037,"date":"2025-10-12T14:03:10","date_gmt":"2025-10-12T14:03:10","guid":{"rendered":"https:\/\/www.europesays.com\/de\/493037\/"},"modified":"2025-10-12T14:03:10","modified_gmt":"2025-10-12T14:03:10","slug":"zweite-hausbesetzung-in-leipzig-beendet","status":"publish","type":"post","link":"https:\/\/www.europesays.com\/de\/493037\/","title":{"rendered":"Zweite Hausbesetzung in Leipzig beendet"},"content":{"rendered":"<p class=\"text\">\nDie Besetzung eines weiteren Hauses in Leipzig ist beendet. Wie die Polizei auf Anfrage von MDR SACHSEN mitteilte, betraten Einsatzkr\u00e4fte am Sonntagnachmittag das Geb\u00e4ude im Ortsteil Sellerhausen-St\u00fcnz. In den R\u00e4umen seien keine Menschen mehr festgestellt worden. Noch am Vormittag hatten sich laut Polizei Menschen in und vor dem Geb\u00e4ude befunden.<\/p>\n","protected":false},"excerpt":{"rendered":"Die Besetzung eines weiteren Hauses in Leipzig ist beendet. Wie die Polizei auf Anfrage von MDR SACHSEN mitteilte,&hellip;\n","protected":false},"author":2,"featured_media":493038,"comment_status":"","ping_status":"","sticky":false,"template":"","format":"standard","meta":{"footnotes":""},"categories":[1832],"tags":[3364,29,30,53454,71,81,14,121,859],"class_list":{"0":"post-493037","1":"post","2":"type-post","3":"status-publish","4":"format-standard","5":"has-post-thumbnail","7":"category-leipzig","8":"tag-de","9":"tag-deutschland","10":"tag-germany","11":"tag-hausbesetzung","12":"tag-leipzig","13":"tag-mdr","14":"tag-nachrichten","15":"tag-polizei","16":"tag-sachsen"},"share_on_mastodon":{"url":"https:\/\/pubeurope.com\/@de\/115361572866314405","error":""},"_links":{"self":[{"href":"https:\/\/www.europesays.com\/de\/wp-json\/wp\/v2\/posts\/493037","targetHints":{"allow":["GET"]}}],"collection":[{"href":"https:\/\/www.europesays.com\/de\/wp-json\/wp\/v2\/posts"}],"about":[{"href":"https:\/\/www.europesays.com\/de\/wp-json\/wp\/v2\/types\/post"}],"author":[{"embeddable":true,"href":"https:\/\/www.europesays.com\/de\/wp-json\/wp\/v2\/users\/2"}],"replies":[{"embeddable":true,"href":"https:\/\/www.europesays.com\/de\/wp-json\/wp\/v2\/comments?post=493037"}],"version-history":[{"count":0,"href":"https:\/\/www.europesays.com\/de\/wp-json\/wp\/v2\/posts\/493037\/revisions"}],"wp:featuredmedia":[{"embeddable":true,"href":"https:\/\/www.europesays.com\/de\/wp-json\/wp\/v2\/media\/493038"}],"wp:attachment":[{"href":"https:\/\/www.europesays.com\/de\/wp-json\/wp\/v2\/media?parent=493037"}],"wp:term":[{"taxonomy":"category","embeddable":true,"href":"https:\/\/www.europesays.com\/de\/wp-json\/wp\/v2\/categories?post=493037"},{"taxonomy":"post_tag","embeddable":true,"href":"https:\/\/www.europesays.com\/de\/wp-json\/wp\/v2\/tags?post=493037"}],"curies":[{"name":"wp","href":"https:\/\/api.w.org\/{rel}","templated":true}]}}