{"id":493106,"date":"2025-10-12T14:39:12","date_gmt":"2025-10-12T14:39:12","guid":{"rendered":"https:\/\/www.europesays.com\/de\/493106\/"},"modified":"2025-10-12T14:39:12","modified_gmt":"2025-10-12T14:39:12","slug":"warum-sich-eltern-in-claussnitz-um-ihre-erwachsenen-kinder-sorgen","status":"publish","type":"post","link":"https:\/\/www.europesays.com\/de\/493106\/","title":{"rendered":"Warum sich Eltern in Clau\u00dfnitz um ihre erwachsenen Kinder sorgen"},"content":{"rendered":"<p class=\"bold\">\n\t\t\t\t\t\t\t\t\t\tF\u00fcr Eltern von behinderten Kindern ist der Alltag eine Herausforderung. Wenn dann noch der Bus Versp\u00e4tung hat, steigt die Sorge. Das haben Marie-Kristin, Sven und Manjana aus Clau\u00dfnitz erlebt.\t\t\t\t<\/p>\n<p>\t\t\t\t Nicht auszudenken, wenn es k\u00fchler wird. Jens Ehnert schaut sorgenvoll auf Tochter Marie-Kristin. Vor 24 Jahren kam sie mit Trisomie 21 auf die Welt. Besser bekannt als Down-Syndrom, eine genetische Besonderheit, bei der das Chromosom 21 dreifach statt wie \u00fcblich zweifach vorhanden ist. Die junge Frau ist anders und erz\u00e4hlt gern \u00fcber ihr Leben,&#8230;<\/p>\n<p>\t\t<img decoding=\"async\" class=\"fp-plus-logo\" src=\"https:\/\/www.freiepresse.de\/img\/fpplus.svg\" alt=\"Freie Presse plus Logo\"\/><\/p>\n<p>Registrieren und testen.<\/p>\n<p>Jetzt mit Ihrer Registrierung 1 Monat gratis testen und alle Beitr\u00e4ge lesen.<\/p>\n<p>Schon Abonnent? Melden Sie sich mit ihren Zugangsdaten an.<\/p>\n","protected":false},"excerpt":{"rendered":"F\u00fcr Eltern von behinderten Kindern ist der Alltag eine Herausforderung. Wenn dann noch der Bus Versp\u00e4tung hat, steigt&hellip;\n","protected":false},"author":2,"featured_media":493107,"comment_status":"","ping_status":"","sticky":false,"template":"","format":"standard","meta":{"footnotes":""},"categories":[1851],"tags":[4568,2770,3364,29,548,663,3934,30,13,14,15,859,12],"class_list":{"0":"post-493106","1":"post","2":"type-post","3":"status-publish","4":"format-standard","5":"has-post-thumbnail","7":"category-chemnitz","8":"tag-schulen","9":"tag-chemnitz","10":"tag-de","11":"tag-deutschland","12":"tag-eu","13":"tag-europa","14":"tag-europe","15":"tag-germany","16":"tag-headlines","17":"tag-nachrichten","18":"tag-news","19":"tag-sachsen","20":"tag-schlagzeilen"},"share_on_mastodon":{"url":"https:\/\/pubeurope.com\/@de\/115361716424622938","error":""},"_links":{"self":[{"href":"https:\/\/www.europesays.com\/de\/wp-json\/wp\/v2\/posts\/493106","targetHints":{"allow":["GET"]}}],"collection":[{"href":"https:\/\/www.europesays.com\/de\/wp-json\/wp\/v2\/posts"}],"about":[{"href":"https:\/\/www.europesays.com\/de\/wp-json\/wp\/v2\/types\/post"}],"author":[{"embeddable":true,"href":"https:\/\/www.europesays.com\/de\/wp-json\/wp\/v2\/users\/2"}],"replies":[{"embeddable":true,"href":"https:\/\/www.europesays.com\/de\/wp-json\/wp\/v2\/comments?post=493106"}],"version-history":[{"count":0,"href":"https:\/\/www.europesays.com\/de\/wp-json\/wp\/v2\/posts\/493106\/revisions"}],"wp:featuredmedia":[{"embeddable":true,"href":"https:\/\/www.europesays.com\/de\/wp-json\/wp\/v2\/media\/493107"}],"wp:attachment":[{"href":"https:\/\/www.europesays.com\/de\/wp-json\/wp\/v2\/media?parent=493106"}],"wp:term":[{"taxonomy":"category","embeddable":true,"href":"https:\/\/www.europesays.com\/de\/wp-json\/wp\/v2\/categories?post=493106"},{"taxonomy":"post_tag","embeddable":true,"href":"https:\/\/www.europesays.com\/de\/wp-json\/wp\/v2\/tags?post=493106"}],"curies":[{"name":"wp","href":"https:\/\/api.w.org\/{rel}","templated":true}]}}