{"id":493187,"date":"2025-10-12T15:25:16","date_gmt":"2025-10-12T15:25:16","guid":{"rendered":"https:\/\/www.europesays.com\/de\/493187\/"},"modified":"2025-10-12T15:25:16","modified_gmt":"2025-10-12T15:25:16","slug":"erster-kleiderbasar-der-st-antonius-schuetzen-in-duesseldorf-hassels","status":"publish","type":"post","link":"https:\/\/www.europesays.com\/de\/493187\/","title":{"rendered":"Erster Kleiderbasar der St. Antonius-Sch\u00fctzen in D\u00fcsseldorf Hassels"},"content":{"rendered":"<p class=\"text_ohne_einzug richtext text-em-55 !leading-serif mx-6 desktop:mx-0\">Glitzernde Ballkleider reihten sich am Sonntag, 12. Oktober, in Hassels an Dirndl und Cocktailkleider. F\u00fcr die Anprobe der Kleider hatten die Veranstalterinnen Umkleider\u00e4ume eingerichtet, in denen sich die Besucherinnen \u00fcber ihre Lieblingskleider austauschen konnten. Im Pfarrheim St. Antonius fand der erste vom \u00f6rtlichen Sch\u00fctzenverein organisierte Kleiderbasar statt.<\/p>\n","protected":false},"excerpt":{"rendered":"Glitzernde Ballkleider reihten sich am Sonntag, 12. Oktober, in Hassels an Dirndl und Cocktailkleider. F\u00fcr die Anprobe der&hellip;\n","protected":false},"author":2,"featured_media":493188,"comment_status":"","ping_status":"","sticky":false,"template":"","format":"standard","meta":{"footnotes":""},"categories":[1831],"tags":[123749,71167,34885,123741,123747,123748,123744,29119,123746,3364,29,3405,30,10014,123753,11111,123743,123745,1209,9387,9877,23077,64036,123750,9879,123752,123751,9871,11730,4201,49953,7195,123742],"class_list":{"0":"post-493187","1":"post","2":"type-post","3":"status-publish","4":"format-standard","5":"has-post-thumbnail","7":"category-duesseldorf","8":"tag-adventsbasar","9":"tag-antonius","10":"tag-auswahl","11":"tag-ballkleider","12":"tag-ballkleidern","13":"tag-basar","14":"tag-basars","15":"tag-besucherinnen","16":"tag-cocktailkleider","17":"tag-de","18":"tag-deutschland","19":"tag-duesseldorf","20":"tag-germany","21":"tag-hassels","22":"tag-kaeuferinnen","23":"tag-kleid","24":"tag-kleiderbasar","25":"tag-lieblingskleider","26":"tag-nordrhein-westfalen","27":"tag-saison","28":"tag-schuetzen","29":"tag-schuetzenbruderschaft","30":"tag-schuetzenkoenigin","31":"tag-schuetzenkroenungen","32":"tag-schuetzensaison","33":"tag-schuetzentreffen","34":"tag-schuetzenuniformen","35":"tag-schuetzenvereine","36":"tag-suche","37":"tag-treffen","38":"tag-umkleideraeume","39":"tag-vereine","40":"tag-verkaeuferinnen"},"share_on_mastodon":{"url":"","error":"Validation failed: Text character limit of 500 exceeded"},"_links":{"self":[{"href":"https:\/\/www.europesays.com\/de\/wp-json\/wp\/v2\/posts\/493187","targetHints":{"allow":["GET"]}}],"collection":[{"href":"https:\/\/www.europesays.com\/de\/wp-json\/wp\/v2\/posts"}],"about":[{"href":"https:\/\/www.europesays.com\/de\/wp-json\/wp\/v2\/types\/post"}],"author":[{"embeddable":true,"href":"https:\/\/www.europesays.com\/de\/wp-json\/wp\/v2\/users\/2"}],"replies":[{"embeddable":true,"href":"https:\/\/www.europesays.com\/de\/wp-json\/wp\/v2\/comments?post=493187"}],"version-history":[{"count":0,"href":"https:\/\/www.europesays.com\/de\/wp-json\/wp\/v2\/posts\/493187\/revisions"}],"wp:featuredmedia":[{"embeddable":true,"href":"https:\/\/www.europesays.com\/de\/wp-json\/wp\/v2\/media\/493188"}],"wp:attachment":[{"href":"https:\/\/www.europesays.com\/de\/wp-json\/wp\/v2\/media?parent=493187"}],"wp:term":[{"taxonomy":"category","embeddable":true,"href":"https:\/\/www.europesays.com\/de\/wp-json\/wp\/v2\/categories?post=493187"},{"taxonomy":"post_tag","embeddable":true,"href":"https:\/\/www.europesays.com\/de\/wp-json\/wp\/v2\/tags?post=493187"}],"curies":[{"name":"wp","href":"https:\/\/api.w.org\/{rel}","templated":true}]}}