{"id":493241,"date":"2025-10-12T15:56:13","date_gmt":"2025-10-12T15:56:13","guid":{"rendered":"https:\/\/www.europesays.com\/de\/493241\/"},"modified":"2025-10-12T15:56:13","modified_gmt":"2025-10-12T15:56:13","slug":"suche-nach-jungen-in-guestrow-wir-drehen-jeden-stein-um","status":"publish","type":"post","link":"https:\/\/www.europesays.com\/de\/493241\/","title":{"rendered":"Suche nach Jungen in G\u00fcstrow: &#8222;Wir drehen jeden Stein um&#8220;"},"content":{"rendered":"<p>        <img decoding=\"async\" src=\"https:\/\/www.europesays.com\/de\/wp-content\/uploads\/2025\/10\/screenshot-61340.webp\" alt=\"Polizisten stehen vor einer Haust\u00fcr an einer Stra\u00dfe in G\u00fcstrow.\" title=\"Polizisten stehen vor einer Haust\u00fcr an einer Stra\u00dfe in G\u00fcstrow. | Stefan Tretrop\" class=\"responsive\"\/><\/p>\n<p>AUDIO: G\u00fcstrow: Suche nach vermisstem Achtj\u00e4hrigen geht am Sonntag weiter (1 Min)<\/p>\n<p>\n            Stand: 12.10.2025 16:46 Uhr<\/p>\n<p class=\"preface\">Auch am zweiten Tag nach seinem Verschwinden wird ein achtj\u00e4hriger Junge aus G\u00fcstrow weiterhin vermisst. Die Polizei konzentrierte ihre Suche nach dem Kind am Sonntag unter anderem auf das Wohnumfeld des Jungen und die Befragung von Nachbarn.  <\/p>\n<p class=\"\">Der vermisste Fabian aus G\u00fcstrow (Landkreis Rostock) ist bislang nicht gefunden worden. Die Suche wurde am Sonntag von Kr\u00e4ften der Bereitschaftspolizei aus Schwerin unterst\u00fctzt, wie eine Polizeisprecherin mitteilte. Insbesondere die Nachbarschaft des Jungen in G\u00fcstrow sollte nach Hinweisen untersucht und Nachbarn befragt werden. Au\u00dferdem sollten bis zu 16 Sp\u00fcrhunde eingesetzt werden. &#8222;Wir drehen jeden Stein um&#8220;, so die Sprecherin. Unter anderem sollten leerstehende H\u00e4user in G\u00fcstrow und auch ein See mit vier sogenannten Mantrailer-Hunden abgesucht werden, die darauf trainiert sind, den Geruch einer Person etwa \u00fcber ein Kleidungsst\u00fcck aufzunehmen und der Duftspur zu folgen. Wie es hie\u00df, wurde die Durchsuchung der Umgebung von Zehna, wo der Vater des Jungen wohnt, zun\u00e4chst abgeschlossen.<\/p>\n<p>    Polizei: Keine Hinweise auf Straftat<\/p>\n<p class=\"\">F\u00fcr Beobachtungen aus der Bev\u00f6lkerung richtete die Polizei mittlerweile unter der Nummer 0800 597 7268 ein B\u00fcrgertelefon ein. &#8222;Es gibt weiterhin keine Hinweise, die auf eine Straftat hindeuten. G\u00e4nzlich ausschlie\u00dfen k\u00f6nnen wir das aber nat\u00fcrlich nicht&#8220;, sagte die Polizeisprecherin dem NDR. Zudem verr\u00f6ffentlichte die Polizei neue Hinweise zur Bekleidung des Kindes. Demnach soll Fabian auff\u00e4llige blaue Sportschuhe mit der Aufschrift &#8222;Fashion Sport&#8220; getragen haben. Suchplakate, die inzwischen in G\u00fcstrow aufgeh\u00e4ngt wurden, w\u00fcrden nicht von der Polizei stammen und seien offenbar auf Grund einer privaten Initiative angebracht worden.<\/p>\n<p>    D\u00e4mmerung stoppte Gro\u00dfeinsatz der Polizei<\/p>\n<p class=\"\">Die Polizei hatte mit Einbruch der D\u00e4mmerung am Sonnabend einen Gro\u00dfteil ihrer rund 100 Einsatzkr\u00e4fte abgezogen, die seit Samstagmorgen mit zwei Rettungshundestaffeln, einer Drohne und einem Hubschrauber nach dem Achtj\u00e4hrigen gesucht hatten. Auch 50 Kr\u00e4fte der Fachhochschule f\u00fcr \u00f6ffentliche Verwaltung, Polizei und Rechtspflege hatten bei der Suche am Sonnabend geholfen. In der Nacht zu Sonntag war eine weitere Hundestaffel im Einsatz &#8211; ohne Erfolg. Schwerpunkt der Suche war ein Waldgebiet bei Zehna, etwa zehn Kilometer s\u00fcdlich von G\u00fcstrow.<\/p>\n<p>                    <a href=\"https:\/\/www.europesays.com\/de\/wp-content\/uploads\/2025\/10\/hundestaffel-102.webp\" class=\"zoomimage\" title=\"Bild vergr\u00f6\u00dfern\"><\/p>\n<p>        <img decoding=\"async\" src=\"https:\/\/www.europesays.com\/de\/wp-content\/uploads\/2025\/10\/hundestaffel-102.webp\" alt=\"Ein Hund der Rettungshundestaffel der Polizei\" title=\"Zwei Rettungshundestaffeln suchten am Sonnabend in einem Waldgebiet bei Zehna nach Fabian. | Stefan Tretropp\" class=\"responsive\" loading=\"lazy\"\/><\/p>\n<p>                    <\/a><\/p>\n<p>                    Zwei Rettungshundestaffeln suchten am Sonnabend in einem Waldgebiet bei Zehna nach Fabian.<\/p>\n<p>    Junge kam Freitag nicht nach Hause<\/p>\n<p class=\"\">Der Achtj\u00e4hrige hatte nach Polizeiangaben am Freitagnachmittag mit Erlaubnis das Haus verlassen, sei aber nicht zur verabredeten Zeit nach Hause gekommen. Zun\u00e4chst hatte die Familie selbst im Umkreis der Wohnung nach dem Achtj\u00e4hrigen gesucht. Gegen 20.30 Uhr am Freitagabend informierte die Mutter die Polizei.<\/p>\n<p>    Spur f\u00fchrte zum Bahnhof G\u00fcstrow<\/p>\n<p class=\"\">Ein Schwerpunkt der Suche war am Freitagabend der Busbahnhof in G\u00fcstrow. Bis dorthin konnten Rettungshunde die Spur des Jungen verfolgen. Eine Vermutung der Polizei ist, dass der Achtj\u00e4hrige mit dem Bus fahren wollte, um seinen Vater in der N\u00e4he von Zehna zu besuchen. Deswegen werden Videoaufnahmen aus Bussen \u00fcberpr\u00fcft. Denn an einer Bushaltestelle in der N\u00e4he des Wohnortes des Vaters schlug ein Rettungshund ebenfalls an. Ebenso sichtet die Polizei Videos aus dem Wildpark G\u00fcstrow. Offenbar gab es Hinweise, der Junge sei dort gesehen worden beziehungsweise habe dorthin gewollt.<\/p>\n<p>    Spur zun\u00e4chst im Wald verloren<\/p>\n<p class=\"\">Die Spur habe sich am Freitagabend in einem nahegelegenen Wald verloren, hie\u00df es von der Polizei. Einsatzkr\u00e4fte durchsuchten auch im Beisein des Vaters dessen Grundst\u00fcck falls sich das Kind dort verstecke, sagte die Polizeisprecherin. Zudem sind die Polizisten mehreren Hinweisen aus der Bev\u00f6lkerung nachgegangen. Auch die Grundschule des Jungen sei abgesucht worden. Die Polizei appelliert, keine privaten Suchaktionen zu starten. Dadurch k\u00f6nnten Spuren des Jungen \u00fcberdeckt werden, die wichtig sein k\u00f6nnten, damit die Hunde die Spur des Kindes wieder aufnehmen k\u00f6nnen.<\/p>\n<p>        <img decoding=\"async\" src=\"https:\/\/www.europesays.com\/de\/wp-content\/uploads\/2025\/10\/screenshot-61090.webp\" alt=\"Ein Foto vom vermsisten Achtj\u00e4hrigen Fabian L..\" title=\"Ein Foto vom vermsisten Achtj\u00e4hrigen Fabian L.. | Screenshot\" class=\"responsive\" loading=\"lazy\"\/><\/p>\n<p>Fabian L. war am Freitag nicht wie verabredet nach Hause gekommen. Die Polizei hat keine Hinweise auf eine Straftat.<\/p>\n<p>    Foto auf Internetseite der Polizei<\/p>\n<p class=\"\">Es k\u00f6nne nicht ausgeschlossen werden, dass sich der Junge im Stadtgebiet G\u00fcstrow aufh\u00e4lt. Deswegen bittet die Polizei auch dort die Anwohner um sachdienliche Hinweise. Der Junge ist etwa 1,44 Meter gro\u00df, etwas mollig, hat kurze blonde Haare und blaue Augen. Zur Bekleidung k\u00f6nnen keine konkreten Angaben gemacht werden, m\u00f6glicherweise tr\u00e4gt er eine Jogginghose und Pulli sowie Turnschuhe. <a href=\"https:\/\/www.polizei.mvnet.de\/Presse\/Fahndungen\/Fahndungen-nach-Personen\/?id=214939&amp;processor=processor.sa.pressemitteilung\" title=\"\u00d6ffentlichkeitsfahndung nach Jungen aus G\u00fcstrow\" class=\"js-link-dialog\" data-type=\"external\" target=\"_blank\" rel=\"noopener\">Auf der Internetseite hat die Polizei ein Bild des Vermissten ver\u00f6ffentlicht und bittet um Unterst\u00fctzung.<\/a><\/p>\n","protected":false},"excerpt":{"rendered":"AUDIO: G\u00fcstrow: Suche nach vermisstem Achtj\u00e4hrigen geht am Sonntag weiter (1 Min) Stand: 12.10.2025 16:46 Uhr Auch am&hellip;\n","protected":false},"author":2,"featured_media":493242,"comment_status":"","ping_status":"","sticky":false,"template":"","format":"standard","meta":{"footnotes":""},"categories":[5],"tags":[590,13,84179,66058,1351,66057,1352,66056,1353,14,15,1354,583,12,10,8,9,11],"class_list":{"0":"post-493241","1":"post","2":"type-post","3":"status-publish","4":"format-standard","5":"has-post-thumbnail","7":"category-nachrichten","8":"tag-aktuell","9":"tag-headlines","10":"tag-landkreis-rostock","11":"tag-meck-pomm","12":"tag-mecklenburg-vorpommern","13":"tag-mecklenburg-vorpommern-aktuell","14":"tag-mv","15":"tag-mv-nachrichten","16":"tag-mv-news","17":"tag-nachrichten","18":"tag-news","19":"tag-news-mv","20":"tag-rostock","21":"tag-schlagzeilen","22":"tag-top-news","23":"tag-top-meldungen","24":"tag-topmeldungen","25":"tag-topnews"},"share_on_mastodon":{"url":"https:\/\/pubeurope.com\/@de\/115362017755793611","error":""},"_links":{"self":[{"href":"https:\/\/www.europesays.com\/de\/wp-json\/wp\/v2\/posts\/493241","targetHints":{"allow":["GET"]}}],"collection":[{"href":"https:\/\/www.europesays.com\/de\/wp-json\/wp\/v2\/posts"}],"about":[{"href":"https:\/\/www.europesays.com\/de\/wp-json\/wp\/v2\/types\/post"}],"author":[{"embeddable":true,"href":"https:\/\/www.europesays.com\/de\/wp-json\/wp\/v2\/users\/2"}],"replies":[{"embeddable":true,"href":"https:\/\/www.europesays.com\/de\/wp-json\/wp\/v2\/comments?post=493241"}],"version-history":[{"count":0,"href":"https:\/\/www.europesays.com\/de\/wp-json\/wp\/v2\/posts\/493241\/revisions"}],"wp:featuredmedia":[{"embeddable":true,"href":"https:\/\/www.europesays.com\/de\/wp-json\/wp\/v2\/media\/493242"}],"wp:attachment":[{"href":"https:\/\/www.europesays.com\/de\/wp-json\/wp\/v2\/media?parent=493241"}],"wp:term":[{"taxonomy":"category","embeddable":true,"href":"https:\/\/www.europesays.com\/de\/wp-json\/wp\/v2\/categories?post=493241"},{"taxonomy":"post_tag","embeddable":true,"href":"https:\/\/www.europesays.com\/de\/wp-json\/wp\/v2\/tags?post=493241"}],"curies":[{"name":"wp","href":"https:\/\/api.w.org\/{rel}","templated":true}]}}