{"id":493251,"date":"2025-10-12T16:01:10","date_gmt":"2025-10-12T16:01:10","guid":{"rendered":"https:\/\/www.europesays.com\/de\/493251\/"},"modified":"2025-10-12T16:01:10","modified_gmt":"2025-10-12T16:01:10","slug":"kreis-gifhorn-einbruch-in-garage-wer-hat-was-gesehen","status":"publish","type":"post","link":"https:\/\/www.europesays.com\/de\/493251\/","title":{"rendered":"Kreis Gifhorn: Einbruch in Garage &#8211; Wer hat was gesehen?"},"content":{"rendered":"<p>Symbolbild. | Foto:  Pixabay<\/p>\n<p class=\"datum\">12.10.2025, 16:06 Uhr<\/p>\n<p><strong>Calberlah. In der Zeit vom Samstag, 11 Uhr bis Sonntag, 9 Uhr wurde in Abwesenheit der Grundst\u00fcckseigent\u00fcmer in eine freistehende Garage in der Brunnenstra\u00dfe in Allenb\u00fcttel eingebrochen. Das berichtet <a class=\"redlink\" href=\"https:\/\/regionalheute.de\/blaulicht\/\" rel=\"nofollow noopener\" target=\"_blank\">die Polizei<\/a> in einer Pressemeldung.<br \/><\/strong><br \/>\n<\/p>\n<p>Am Tatort wurde eine Fensterscheibe einer T\u00fcr in die Garage eingeworfen, nachdem das Aufhebeln des Fensters gescheitert war. Welche Gegenst\u00e4nde aus der Garage entwendet wurden, wird derzeit noch ermittelt. <\/p>\n<p>Hinweise an die Polizei<\/p>\n<p>Zeugen die Hinweise zur Tat geben k\u00f6nnen werden gebeten sich mit der Polizei unter der Telefonnummer 5371 \/ 980-0 in Verbindung zu setzen.<\/p>\n","protected":false},"excerpt":{"rendered":"Symbolbild. | Foto: Pixabay 12.10.2025, 16:06 Uhr Calberlah. In der Zeit vom Samstag, 11 Uhr bis Sonntag, 9&hellip;\n","protected":false},"author":2,"featured_media":388732,"comment_status":"","ping_status":"","sticky":false,"template":"","format":"standard","meta":{"footnotes":""},"categories":[1850],"tags":[6429,3364,29,548,663,3934,30,13,14,15,1411,12],"class_list":{"0":"post-493251","1":"post","2":"type-post","3":"status-publish","4":"format-standard","5":"has-post-thumbnail","7":"category-braunschweig","8":"tag-braunschweig","9":"tag-de","10":"tag-deutschland","11":"tag-eu","12":"tag-europa","13":"tag-europe","14":"tag-germany","15":"tag-headlines","16":"tag-nachrichten","17":"tag-news","18":"tag-niedersachsen","19":"tag-schlagzeilen"},"share_on_mastodon":{"url":"https:\/\/pubeurope.com\/@de\/115362036685444909","error":""},"_links":{"self":[{"href":"https:\/\/www.europesays.com\/de\/wp-json\/wp\/v2\/posts\/493251","targetHints":{"allow":["GET"]}}],"collection":[{"href":"https:\/\/www.europesays.com\/de\/wp-json\/wp\/v2\/posts"}],"about":[{"href":"https:\/\/www.europesays.com\/de\/wp-json\/wp\/v2\/types\/post"}],"author":[{"embeddable":true,"href":"https:\/\/www.europesays.com\/de\/wp-json\/wp\/v2\/users\/2"}],"replies":[{"embeddable":true,"href":"https:\/\/www.europesays.com\/de\/wp-json\/wp\/v2\/comments?post=493251"}],"version-history":[{"count":0,"href":"https:\/\/www.europesays.com\/de\/wp-json\/wp\/v2\/posts\/493251\/revisions"}],"wp:featuredmedia":[{"embeddable":true,"href":"https:\/\/www.europesays.com\/de\/wp-json\/wp\/v2\/media\/388732"}],"wp:attachment":[{"href":"https:\/\/www.europesays.com\/de\/wp-json\/wp\/v2\/media?parent=493251"}],"wp:term":[{"taxonomy":"category","embeddable":true,"href":"https:\/\/www.europesays.com\/de\/wp-json\/wp\/v2\/categories?post=493251"},{"taxonomy":"post_tag","embeddable":true,"href":"https:\/\/www.europesays.com\/de\/wp-json\/wp\/v2\/tags?post=493251"}],"curies":[{"name":"wp","href":"https:\/\/api.w.org\/{rel}","templated":true}]}}